{"id":5550,"date":"2023-02-03T09:52:38","date_gmt":"2023-02-03T08:52:38","guid":{"rendered":"https:\/\/www.alissibronte.com\/blog\/?p=5550"},"modified":"2023-02-03T10:14:07","modified_gmt":"2023-02-03T09:14:07","slug":"como-elegir-tu-cosmetico-durante-un-tratamiento-oncologico","status":"publish","type":"post","link":"https:\/\/www.alissibronte.com\/blog\/como-elegir-tu-cosmetico-durante-un-tratamiento-oncologico\/","title":{"rendered":"C\u00f3mo elegir tu cosm\u00e9tico durante un tratamiento oncol\u00f3gico"},"content":{"rendered":"\t\t<div data-elementor-type=\"wp-post\" data-elementor-id=\"5550\" class=\"elementor elementor-5550\" data-elementor-post-type=\"post\">\n\t\t\t\t\t\t<section class=\"elementor-section elementor-top-section elementor-element elementor-element-15ff24e1 elementor-section-boxed elementor-section-height-default elementor-section-height-default\" data-id=\"15ff24e1\" data-element_type=\"section\" data-e-type=\"section\">\n\t\t\t\t\t\t<div class=\"elementor-container elementor-column-gap-default\">\n\t\t\t\t\t<div class=\"elementor-column elementor-col-100 elementor-top-column elementor-element elementor-element-3b85dd63\" data-id=\"3b85dd63\" data-element_type=\"column\" data-e-type=\"column\">\n\t\t\t<div class=\"elementor-widget-wrap elementor-element-populated\">\n\t\t\t\t\t\t<div class=\"elementor-element elementor-element-7c27c532 elementor-widget elementor-widget-text-editor\" data-id=\"7c27c532\" data-element_type=\"widget\" data-e-type=\"widget\" data-widget_type=\"text-editor.default\">\n\t\t\t\t<div class=\"elementor-widget-container\">\n\t\t\t\t\t\t\t\t\t<h3>HIDRATACI\u00d3N, CLAVE PARA RESTAURAR LA PIEL Y PROTEGERNOS<\/h3><p>\u00a0<\/p><p>Durante el proceso oncol\u00f3gico, la piel sufre una serie de cambios debido a los efectos de las terapias antineopl\u00e1sicas y de la propia enfermedad, que pueden alterar la funci\u00f3n barrera, haci\u00e9ndola m\u00e1s permeable y sensible a ciertos ingredientes de los cosm\u00e9ticos y a las agresiones externas a las que cada d\u00eda nos enfrentamos.<\/p><p><b>Reforzar la funci\u00f3n barrera<\/b><\/p><p>La funci\u00f3n de la piel es proteger nuestro organismo del exterior a modo de barrera, evitar la deshidrataci\u00f3n y penetraci\u00f3n de sustancias potencialmente perjudiciales.<\/p><p>Cuando la funci\u00f3n barrera est\u00e1 comprometida o disminuida por excesiva sequedad, radio-dermitis y\/o dermatitis ingredientes y agentes que antes toler\u00e1bamos pueden ahora alterar m\u00e1s nuestra piel. Proteger y mejorar las defensas naturales de nuestra piel es la clave para recuperar su hidrataci\u00f3n, flexibilidad y suavidad.<\/p><p>\u00a0<\/p><blockquote><p>Hidrata con cremas nutritivas y reparadoras al menos una vez al d\u00eda<\/p><\/blockquote><p><b>Hidrataci\u00f3n<\/b><\/p><p>La hidrataci\u00f3n es un proceso fundamental para evitar la sequedad que puede llegar a ser extrema, generando tirantez, fisuras cut\u00e1neas, etc. Adem\u00e1s de que la sequedad o xerosis suele provocar un alto nivel de incomodidad.<\/p><p>Las cremas hidratantes deben ser emolientes o suavizantes sin ingredientes irritantes.<\/p><p>La hidrataci\u00f3n incluye el uso de\u00a0 b\u00e1lsamo para los labios, contorno de ojos para los p\u00e1rpados y l\u00e1grimas para prevenir el ojo seco.<\/p><p>\u00a0<\/p><h3>RUTINA DE BELLEZA<\/h3><p>\u00a0<\/p><ol><li>Limpia tu piel diariamente con agua templada y jabones suaves (con ph neutro).<\/li><li>Aunque hay que mantener la limpieza e hidrataci\u00f3n diaria de la cara, no es conveniente hacerse limpiezas de cutis. No obstante, si quieres someterte a alg\u00fan tratamiento facial espec\u00edfico, consulta previamente con tu m\u00e9dico.<\/li><li>Est\u00e1 totalmente desaconsejado cualquier tipo de producto exfoliante tanto facial como corporal.<\/li><li>Utiliza productos hidratantes para el rostro y el cuerpo.<\/li><li>Para prevenir o reducir las manchas, lo m\u00e1s importante es no exponerse al sol y tener especial precauci\u00f3n, al menos durante los tres meses posteriores al tratamiento. No se recomienda utilizar productos abrasivos despigmentantes.<\/li><li>Utiliza un factor de protecci\u00f3n alto\u00a0 (factor solar 50+) todos los d\u00edas, evitando ponerte directamente el sol.<\/li><\/ol><h3>\u00a0<\/h3><h3>CRITERIOS QUE DEBE CUMPLIR UN COSM\u00c9TICO ONCOL\u00d3GICO<\/h3><ul><li>Hipoalarg\u00e9nico<\/li><li>Libres de irritantes como formaldehidos o parabenos<\/li><li>Libres de disruptores endocrinos<\/li><li>Protectores solares menos irritantes. Di\u00f3xido de titanio, oxido de zinc,<\/li><li>Ph neutro<\/li><li>No AHA<\/li><li>Principios activos hidratantes y regenerantes.<\/li><\/ul><p><strong>Busca estos ingredientes activos en tus cosm\u00e9ticos:<\/strong><\/p><p>Acido linoleico, Urea, Sucrose palmitate, Rosa mosqueta, \u00c1cido hialur\u00f3nico, Lisina, Titanio dioxide filtro solar, Zinc dioxide filtro solar, Lauryl glucoside ,Polypodium leucotomo leaf extract, Vitamina C, Ascorbyl glucoside, Vitamina E, Glycerin, Allantoin, Niacinamide, Onagra, Avena sativa, Butyrospermum parkii butter, Calendula officinalis flower extract, Camellia sinensis leaf extract, Cellulose gum, Centella asi\u00e1tica, Ceramide, Echinacea purpurea extract, Helianthus annuus seed oil, Hamamelis virginiana water, Jojoba, Hydrolized collagen, Propanediol, Epidermal growth factor, Melatonina, Sucralfato<\/p>\t\t\t\t\t\t\t\t<\/div>\n\t\t\t\t<\/div>\n\t\t\t\t<div class=\"elementor-element elementor-element-53c620c elementor-widget elementor-widget-heading\" data-id=\"53c620c\" data-element_type=\"widget\" data-e-type=\"widget\" data-widget_type=\"heading.default\">\n\t\t\t\t<div class=\"elementor-widget-container\">\n\t\t\t\t\t<h2 class=\"elementor-heading-title elementor-size-default\">Listado de productos de Alissi Bronte recomendados para pacientes oncol\u00f3gicos\n<\/h2>\t\t\t\t<\/div>\n\t\t\t\t<\/div>\n\t\t\t\t<div class=\"elementor-element elementor-element-75ba7ce elementor-widget elementor-widget-spacer\" data-id=\"75ba7ce\" data-element_type=\"widget\" data-e-type=\"widget\" data-widget_type=\"spacer.default\">\n\t\t\t\t<div class=\"elementor-widget-container\">\n\t\t\t\t\t\t\t<div class=\"elementor-spacer\">\n\t\t\t<div class=\"elementor-spacer-inner\"><\/div>\n\t\t<\/div>\n\t\t\t\t\t\t<\/div>\n\t\t\t\t<\/div>\n\t\t\t\t<section class=\"elementor-section elementor-inner-section elementor-element elementor-element-b27aec9 elementor-section-boxed elementor-section-height-default elementor-section-height-default\" data-id=\"b27aec9\" data-element_type=\"section\" data-e-type=\"section\">\n\t\t\t\t\t\t<div class=\"elementor-container elementor-column-gap-default\">\n\t\t\t\t\t<div class=\"elementor-column elementor-col-50 elementor-inner-column elementor-element elementor-element-13ea2fc\" data-id=\"13ea2fc\" data-element_type=\"column\" data-e-type=\"column\">\n\t\t\t<div class=\"elementor-widget-wrap elementor-element-populated\">\n\t\t\t\t\t\t<div class=\"elementor-element elementor-element-57de4c1 elementor-widget elementor-widget-image\" data-id=\"57de4c1\" data-element_type=\"widget\" data-e-type=\"widget\" data-widget_type=\"image.default\">\n\t\t\t\t<div class=\"elementor-widget-container\">\n\t\t\t\t\t\t\t\t\t\t\t\t\t\t\t<img fetchpriority=\"high\" decoding=\"async\" width=\"232\" height=\"300\" src=\"https:\/\/www.alissibronte.com\/blog\/wp-content\/uploads\/LUXE-CONCENTRATE-232x300.jpg\" class=\"attachment-medium size-medium wp-image-5554\" alt=\"\" srcset=\"https:\/\/www.alissibronte.com\/blog\/wp-content\/uploads\/LUXE-CONCENTRATE-232x300.jpg 232w, https:\/\/www.alissibronte.com\/blog\/wp-content\/uploads\/LUXE-CONCENTRATE-792x1024.jpg 792w, https:\/\/www.alissibronte.com\/blog\/wp-content\/uploads\/LUXE-CONCENTRATE-768x993.jpg 768w, https:\/\/www.alissibronte.com\/blog\/wp-content\/uploads\/LUXE-CONCENTRATE.jpg 1100w\" sizes=\"(max-width: 232px) 100vw, 232px\" \/>\t\t\t\t\t\t\t\t\t\t\t\t\t\t\t<\/div>\n\t\t\t\t<\/div>\n\t\t\t\t\t<\/div>\n\t\t<\/div>\n\t\t\t\t<div class=\"elementor-column elementor-col-50 elementor-inner-column elementor-element elementor-element-cf8a3ea\" data-id=\"cf8a3ea\" data-element_type=\"column\" data-e-type=\"column\">\n\t\t\t<div class=\"elementor-widget-wrap elementor-element-populated\">\n\t\t\t\t\t\t<div class=\"elementor-element elementor-element-fe01bc5 elementor-widget elementor-widget-text-editor\" data-id=\"fe01bc5\" data-element_type=\"widget\" data-e-type=\"widget\" data-widget_type=\"text-editor.default\">\n\t\t\t\t<div class=\"elementor-widget-container\">\n\t\t\t\t\t\t\t\t\t<p>Reparaci\u00f3n intensa de la piel. nutre la piel en profundidad y con el paso del tiempo ayuda a fortalecer los tejidos para recuperar su juventud. La piel irradia fortaleza. <\/p>\t\t\t\t\t\t\t\t<\/div>\n\t\t\t\t<\/div>\n\t\t\t\t<div class=\"elementor-element elementor-element-49164c6 elementor-align-center elementor-widget elementor-widget-button\" data-id=\"49164c6\" data-element_type=\"widget\" data-e-type=\"widget\" data-widget_type=\"button.default\">\n\t\t\t\t<div class=\"elementor-widget-container\">\n\t\t\t\t\t\t\t\t\t<div class=\"elementor-button-wrapper\">\n\t\t\t\t\t<a class=\"elementor-button elementor-button-link elementor-size-sm\" href=\"https:\/\/www.alissibronte.com\/es\/envejecimiento\/64-555-luxe-concentrate-activador-de-juventud.html#\/11-tamano-4_x_5_ml\">\n\t\t\t\t\t\t<span class=\"elementor-button-content-wrapper\">\n\t\t\t\t\t\t\t\t\t<span class=\"elementor-button-text\">SABER M\u00c1S<\/span>\n\t\t\t\t\t<\/span>\n\t\t\t\t\t<\/a>\n\t\t\t\t<\/div>\n\t\t\t\t\t\t\t\t<\/div>\n\t\t\t\t<\/div>\n\t\t\t\t\t<\/div>\n\t\t<\/div>\n\t\t\t\t\t<\/div>\n\t\t<\/section>\n\t\t\t\t\t<\/div>\n\t\t<\/div>\n\t\t\t\t\t<\/div>\n\t\t<\/section>\n\t\t\t\t<section class=\"elementor-section elementor-top-section elementor-element elementor-element-7141f44 elementor-section-boxed elementor-section-height-default elementor-section-height-default\" data-id=\"7141f44\" data-element_type=\"section\" data-e-type=\"section\">\n\t\t\t\t\t\t<div class=\"elementor-container elementor-column-gap-default\">\n\t\t\t\t\t<div class=\"elementor-column elementor-col-100 elementor-top-column elementor-element elementor-element-8390314\" data-id=\"8390314\" data-element_type=\"column\" data-e-type=\"column\">\n\t\t\t<div class=\"elementor-widget-wrap elementor-element-populated\">\n\t\t\t\t\t\t<section class=\"elementor-section elementor-inner-section elementor-element elementor-element-fb03ef4 elementor-section-boxed elementor-section-height-default elementor-section-height-default\" data-id=\"fb03ef4\" data-element_type=\"section\" data-e-type=\"section\">\n\t\t\t\t\t\t<div class=\"elementor-container elementor-column-gap-default\">\n\t\t\t\t\t<div class=\"elementor-column elementor-col-50 elementor-inner-column elementor-element elementor-element-dc5ac79\" data-id=\"dc5ac79\" data-element_type=\"column\" data-e-type=\"column\">\n\t\t\t<div class=\"elementor-widget-wrap elementor-element-populated\">\n\t\t\t\t\t\t<div class=\"elementor-element elementor-element-08fe4c8 elementor-widget elementor-widget-text-editor\" data-id=\"08fe4c8\" data-element_type=\"widget\" data-e-type=\"widget\" data-widget_type=\"text-editor.default\">\n\t\t\t\t<div class=\"elementor-widget-container\">\n\t\t\t\t\t\t\t\t\t<p>PERFECT TONE aporta la protecci\u00f3n y energ\u00eda que necesita la piel. La Q10 es un componente natural indispensable para la vitalidad de la piel que contribuye a proteger la piel de los da\u00f1os causados por las agresiones ambientales.<\/p>\t\t\t\t\t\t\t\t<\/div>\n\t\t\t\t<\/div>\n\t\t\t\t<div class=\"elementor-element elementor-element-ac84675 elementor-align-center elementor-widget elementor-widget-button\" data-id=\"ac84675\" data-element_type=\"widget\" data-e-type=\"widget\" data-widget_type=\"button.default\">\n\t\t\t\t<div class=\"elementor-widget-container\">\n\t\t\t\t\t\t\t\t\t<div class=\"elementor-button-wrapper\">\n\t\t\t\t\t<a class=\"elementor-button elementor-button-link elementor-size-sm\" href=\"https:\/\/www.alissibronte.com\/es\/manchas\/75-440-perfect-tone-q1o-serum.html#\/10-tamano-30\">\n\t\t\t\t\t\t<span class=\"elementor-button-content-wrapper\">\n\t\t\t\t\t\t\t\t\t<span class=\"elementor-button-text\">SABER M\u00c1S<\/span>\n\t\t\t\t\t<\/span>\n\t\t\t\t\t<\/a>\n\t\t\t\t<\/div>\n\t\t\t\t\t\t\t\t<\/div>\n\t\t\t\t<\/div>\n\t\t\t\t\t<\/div>\n\t\t<\/div>\n\t\t\t\t<div class=\"elementor-column elementor-col-50 elementor-inner-column elementor-element elementor-element-e351e94\" data-id=\"e351e94\" data-element_type=\"column\" data-e-type=\"column\">\n\t\t\t<div class=\"elementor-widget-wrap elementor-element-populated\">\n\t\t\t\t\t\t<div class=\"elementor-element elementor-element-5393cb7 elementor-widget elementor-widget-image\" data-id=\"5393cb7\" data-element_type=\"widget\" data-e-type=\"widget\" data-widget_type=\"image.default\">\n\t\t\t\t<div class=\"elementor-widget-container\">\n\t\t\t\t\t\t\t\t\t\t\t\t\t\t\t<img decoding=\"async\" width=\"232\" height=\"300\" src=\"https:\/\/www.alissibronte.com\/blog\/wp-content\/uploads\/perfect-tone-q1o-serum-232x300.jpg\" class=\"attachment-medium size-medium wp-image-5555\" alt=\"\" srcset=\"https:\/\/www.alissibronte.com\/blog\/wp-content\/uploads\/perfect-tone-q1o-serum-232x300.jpg 232w, https:\/\/www.alissibronte.com\/blog\/wp-content\/uploads\/perfect-tone-q1o-serum-792x1024.jpg 792w, https:\/\/www.alissibronte.com\/blog\/wp-content\/uploads\/perfect-tone-q1o-serum-768x993.jpg 768w, https:\/\/www.alissibronte.com\/blog\/wp-content\/uploads\/perfect-tone-q1o-serum.jpg 1100w\" sizes=\"(max-width: 232px) 100vw, 232px\" \/>\t\t\t\t\t\t\t\t\t\t\t\t\t\t\t<\/div>\n\t\t\t\t<\/div>\n\t\t\t\t\t<\/div>\n\t\t<\/div>\n\t\t\t\t\t<\/div>\n\t\t<\/section>\n\t\t\t\t<section class=\"elementor-section elementor-inner-section elementor-element elementor-element-c793007 elementor-section-boxed elementor-section-height-default elementor-section-height-default\" data-id=\"c793007\" data-element_type=\"section\" data-e-type=\"section\">\n\t\t\t\t\t\t<div class=\"elementor-container elementor-column-gap-default\">\n\t\t\t\t\t<div class=\"elementor-column elementor-col-50 elementor-inner-column elementor-element elementor-element-0febd54\" data-id=\"0febd54\" data-element_type=\"column\" data-e-type=\"column\">\n\t\t\t<div class=\"elementor-widget-wrap elementor-element-populated\">\n\t\t\t\t\t\t<div class=\"elementor-element elementor-element-5391930 elementor-widget elementor-widget-image\" data-id=\"5391930\" data-element_type=\"widget\" data-e-type=\"widget\" data-widget_type=\"image.default\">\n\t\t\t\t<div class=\"elementor-widget-container\">\n\t\t\t\t\t\t\t\t\t\t\t\t\t\t\t<img decoding=\"async\" width=\"232\" height=\"300\" src=\"https:\/\/www.alissibronte.com\/blog\/wp-content\/uploads\/tensine-firming-ampoules-232x300.jpg\" class=\"attachment-medium size-medium wp-image-5559\" alt=\"\" srcset=\"https:\/\/www.alissibronte.com\/blog\/wp-content\/uploads\/tensine-firming-ampoules-232x300.jpg 232w, https:\/\/www.alissibronte.com\/blog\/wp-content\/uploads\/tensine-firming-ampoules-792x1024.jpg 792w, https:\/\/www.alissibronte.com\/blog\/wp-content\/uploads\/tensine-firming-ampoules-768x993.jpg 768w, https:\/\/www.alissibronte.com\/blog\/wp-content\/uploads\/tensine-firming-ampoules.jpg 1100w\" sizes=\"(max-width: 232px) 100vw, 232px\" \/>\t\t\t\t\t\t\t\t\t\t\t\t\t\t\t<\/div>\n\t\t\t\t<\/div>\n\t\t\t\t\t<\/div>\n\t\t<\/div>\n\t\t\t\t<div class=\"elementor-column elementor-col-50 elementor-inner-column elementor-element elementor-element-bd5d626\" data-id=\"bd5d626\" data-element_type=\"column\" data-e-type=\"column\">\n\t\t\t<div class=\"elementor-widget-wrap elementor-element-populated\">\n\t\t\t\t\t\t<div class=\"elementor-element elementor-element-719eecd elementor-widget elementor-widget-text-editor\" data-id=\"719eecd\" data-element_type=\"widget\" data-e-type=\"widget\" data-widget_type=\"text-editor.default\">\n\t\t\t\t<div class=\"elementor-widget-container\">\n\t\t\t\t\t\t\t\t\t<p>Concentrado reafirmante con \u00e1cido hialur\u00f3nico.<\/p><p>El efecto es instant\u00e1neo dejando la tez m\u00e1s firme. Entre sus ingredientes encontrar\u00e1s \u00e1cido hialur\u00f3nico de alto peso molecular, un biopol\u00edmero con activos naturales que aporta un efecto tensor inmediato y un complejo mio-relajante para reducir las arrugas de expresi\u00f3n.<\/p><p>*Envase Recomendado Monodosis\u00a0<\/p>\t\t\t\t\t\t\t\t<\/div>\n\t\t\t\t<\/div>\n\t\t\t\t<div class=\"elementor-element elementor-element-b9d778b elementor-align-center elementor-widget elementor-widget-button\" data-id=\"b9d778b\" data-element_type=\"widget\" data-e-type=\"widget\" data-widget_type=\"button.default\">\n\t\t\t\t<div class=\"elementor-widget-container\">\n\t\t\t\t\t\t\t\t\t<div class=\"elementor-button-wrapper\">\n\t\t\t\t\t<a class=\"elementor-button elementor-button-link elementor-size-sm\" href=\"https:\/\/www.alissibronte.com\/es\/firmeza\/91-tensine-firming-ampoules.html\">\n\t\t\t\t\t\t<span class=\"elementor-button-content-wrapper\">\n\t\t\t\t\t\t\t\t\t<span class=\"elementor-button-text\">SABER M\u00c1S<\/span>\n\t\t\t\t\t<\/span>\n\t\t\t\t\t<\/a>\n\t\t\t\t<\/div>\n\t\t\t\t\t\t\t\t<\/div>\n\t\t\t\t<\/div>\n\t\t\t\t\t<\/div>\n\t\t<\/div>\n\t\t\t\t\t<\/div>\n\t\t<\/section>\n\t\t\t\t<section class=\"elementor-section elementor-inner-section elementor-element elementor-element-ce4b237 elementor-section-boxed elementor-section-height-default elementor-section-height-default\" data-id=\"ce4b237\" data-element_type=\"section\" data-e-type=\"section\">\n\t\t\t\t\t\t<div class=\"elementor-container elementor-column-gap-default\">\n\t\t\t\t\t<div class=\"elementor-column elementor-col-50 elementor-inner-column elementor-element elementor-element-510981f\" data-id=\"510981f\" data-element_type=\"column\" data-e-type=\"column\">\n\t\t\t<div class=\"elementor-widget-wrap elementor-element-populated\">\n\t\t\t\t\t\t<div class=\"elementor-element elementor-element-b14717e elementor-widget elementor-widget-text-editor\" data-id=\"b14717e\" data-element_type=\"widget\" data-e-type=\"widget\" data-widget_type=\"text-editor.default\">\n\t\t\t\t<div class=\"elementor-widget-container\">\n\t\t\t\t\t\t\t\t\t<p>PURISSIMO SERUM solo contiene \u00e1cido hialur\u00f3nico con 3 pesos moleculares diferentes para realizar una acci\u00f3n en las diferentes capas de la piel, consiguiendo una hidrataci\u00f3n superficial y profunda.<\/p>\t\t\t\t\t\t\t\t<\/div>\n\t\t\t\t<\/div>\n\t\t\t\t<div class=\"elementor-element elementor-element-6afe8ae elementor-align-center elementor-widget elementor-widget-button\" data-id=\"6afe8ae\" data-element_type=\"widget\" data-e-type=\"widget\" data-widget_type=\"button.default\">\n\t\t\t\t<div class=\"elementor-widget-container\">\n\t\t\t\t\t\t\t\t\t<div class=\"elementor-button-wrapper\">\n\t\t\t\t\t<a class=\"elementor-button elementor-button-link elementor-size-sm\" href=\"https:\/\/www.alissibronte.com\/es\/hidratacion\/13-493-purissimo-serum-rellenador-de-arrugas.html#\/5-tamano-50\">\n\t\t\t\t\t\t<span class=\"elementor-button-content-wrapper\">\n\t\t\t\t\t\t\t\t\t<span class=\"elementor-button-text\">SABER M\u00c1S<\/span>\n\t\t\t\t\t<\/span>\n\t\t\t\t\t<\/a>\n\t\t\t\t<\/div>\n\t\t\t\t\t\t\t\t<\/div>\n\t\t\t\t<\/div>\n\t\t\t\t\t<\/div>\n\t\t<\/div>\n\t\t\t\t<div class=\"elementor-column elementor-col-50 elementor-inner-column elementor-element elementor-element-4386a7a\" data-id=\"4386a7a\" data-element_type=\"column\" data-e-type=\"column\">\n\t\t\t<div class=\"elementor-widget-wrap elementor-element-populated\">\n\t\t\t\t\t\t<div class=\"elementor-element elementor-element-6cf9ccd elementor-widget elementor-widget-image\" data-id=\"6cf9ccd\" data-element_type=\"widget\" data-e-type=\"widget\" data-widget_type=\"image.default\">\n\t\t\t\t<div class=\"elementor-widget-container\">\n\t\t\t\t\t\t\t\t\t\t\t\t\t\t\t<img loading=\"lazy\" decoding=\"async\" width=\"232\" height=\"300\" src=\"https:\/\/www.alissibronte.com\/blog\/wp-content\/uploads\/purissimo-serum-rellenador-de-arrugas-232x300.jpg\" class=\"attachment-medium size-medium wp-image-5556\" alt=\"\" srcset=\"https:\/\/www.alissibronte.com\/blog\/wp-content\/uploads\/purissimo-serum-rellenador-de-arrugas-232x300.jpg 232w, https:\/\/www.alissibronte.com\/blog\/wp-content\/uploads\/purissimo-serum-rellenador-de-arrugas-792x1024.jpg 792w, https:\/\/www.alissibronte.com\/blog\/wp-content\/uploads\/purissimo-serum-rellenador-de-arrugas-768x993.jpg 768w, https:\/\/www.alissibronte.com\/blog\/wp-content\/uploads\/purissimo-serum-rellenador-de-arrugas.jpg 1100w\" sizes=\"(max-width: 232px) 100vw, 232px\" \/>\t\t\t\t\t\t\t\t\t\t\t\t\t\t\t<\/div>\n\t\t\t\t<\/div>\n\t\t\t\t\t<\/div>\n\t\t<\/div>\n\t\t\t\t\t<\/div>\n\t\t<\/section>\n\t\t\t\t\t<\/div>\n\t\t<\/div>\n\t\t\t\t\t<\/div>\n\t\t<\/section>\n\t\t\t\t<section class=\"elementor-section elementor-top-section elementor-element elementor-element-6c625bd elementor-section-boxed elementor-section-height-default elementor-section-height-default\" data-id=\"6c625bd\" data-element_type=\"section\" data-e-type=\"section\">\n\t\t\t\t\t\t<div class=\"elementor-container elementor-column-gap-default\">\n\t\t\t\t\t<div class=\"elementor-column elementor-col-100 elementor-top-column elementor-element elementor-element-ab996a9\" data-id=\"ab996a9\" data-element_type=\"column\" data-e-type=\"column\">\n\t\t\t<div class=\"elementor-widget-wrap elementor-element-populated\">\n\t\t\t\t\t\t<section class=\"elementor-section elementor-inner-section elementor-element elementor-element-dd325a6 elementor-section-boxed elementor-section-height-default elementor-section-height-default\" data-id=\"dd325a6\" data-element_type=\"section\" data-e-type=\"section\">\n\t\t\t\t\t\t<div class=\"elementor-container elementor-column-gap-default\">\n\t\t\t\t\t<div class=\"elementor-column elementor-col-50 elementor-inner-column elementor-element elementor-element-f470473\" data-id=\"f470473\" data-element_type=\"column\" data-e-type=\"column\">\n\t\t\t<div class=\"elementor-widget-wrap elementor-element-populated\">\n\t\t\t\t\t\t<div class=\"elementor-element elementor-element-ddee4ab elementor-widget elementor-widget-image\" data-id=\"ddee4ab\" data-element_type=\"widget\" data-e-type=\"widget\" data-widget_type=\"image.default\">\n\t\t\t\t<div class=\"elementor-widget-container\">\n\t\t\t\t\t\t\t\t\t\t\t\t\t\t\t<img loading=\"lazy\" decoding=\"async\" width=\"232\" height=\"300\" src=\"https:\/\/www.alissibronte.com\/blog\/wp-content\/uploads\/BIO-AGNES-MASK-232x300.jpg\" class=\"attachment-medium size-medium wp-image-5552\" alt=\"\" srcset=\"https:\/\/www.alissibronte.com\/blog\/wp-content\/uploads\/BIO-AGNES-MASK-232x300.jpg 232w, https:\/\/www.alissibronte.com\/blog\/wp-content\/uploads\/BIO-AGNES-MASK-792x1024.jpg 792w, https:\/\/www.alissibronte.com\/blog\/wp-content\/uploads\/BIO-AGNES-MASK-768x993.jpg 768w, https:\/\/www.alissibronte.com\/blog\/wp-content\/uploads\/BIO-AGNES-MASK.jpg 1100w\" sizes=\"(max-width: 232px) 100vw, 232px\" \/>\t\t\t\t\t\t\t\t\t\t\t\t\t\t\t<\/div>\n\t\t\t\t<\/div>\n\t\t\t\t\t<\/div>\n\t\t<\/div>\n\t\t\t\t<div class=\"elementor-column elementor-col-50 elementor-inner-column elementor-element elementor-element-f24392b\" data-id=\"f24392b\" data-element_type=\"column\" data-e-type=\"column\">\n\t\t\t<div class=\"elementor-widget-wrap elementor-element-populated\">\n\t\t\t\t\t\t<div class=\"elementor-element elementor-element-89f5ab4 elementor-widget elementor-widget-text-editor\" data-id=\"89f5ab4\" data-element_type=\"widget\" data-e-type=\"widget\" data-widget_type=\"text-editor.default\">\n\t\t\t\t<div class=\"elementor-widget-container\">\n\t\t\t\t\t\t\t\t\t<p>Mascarilla limpiadora de impurezas que regenera la piel y refuerza su funci\u00f3n barrera frente a las agresiones externas.<\/p>\t\t\t\t\t\t\t\t<\/div>\n\t\t\t\t<\/div>\n\t\t\t\t<div class=\"elementor-element elementor-element-b282b3d elementor-align-center elementor-widget elementor-widget-button\" data-id=\"b282b3d\" data-element_type=\"widget\" data-e-type=\"widget\" data-widget_type=\"button.default\">\n\t\t\t\t<div class=\"elementor-widget-container\">\n\t\t\t\t\t\t\t\t\t<div class=\"elementor-button-wrapper\">\n\t\t\t\t\t<a class=\"elementor-button elementor-button-link elementor-size-sm\" href=\"https:\/\/www.alissibronte.com\/es\/piel-grasa\/77-625-bio-agnes-mask.html#\/12-tamano-100\">\n\t\t\t\t\t\t<span class=\"elementor-button-content-wrapper\">\n\t\t\t\t\t\t\t\t\t<span class=\"elementor-button-text\">SABER M\u00c1S<\/span>\n\t\t\t\t\t<\/span>\n\t\t\t\t\t<\/a>\n\t\t\t\t<\/div>\n\t\t\t\t\t\t\t\t<\/div>\n\t\t\t\t<\/div>\n\t\t\t\t\t<\/div>\n\t\t<\/div>\n\t\t\t\t\t<\/div>\n\t\t<\/section>\n\t\t\t\t<section class=\"elementor-section elementor-inner-section elementor-element elementor-element-d0025cc elementor-section-boxed elementor-section-height-default elementor-section-height-default\" data-id=\"d0025cc\" data-element_type=\"section\" data-e-type=\"section\">\n\t\t\t\t\t\t<div class=\"elementor-container elementor-column-gap-default\">\n\t\t\t\t\t<div class=\"elementor-column elementor-col-50 elementor-inner-column elementor-element elementor-element-0c2312c\" data-id=\"0c2312c\" data-element_type=\"column\" data-e-type=\"column\">\n\t\t\t<div class=\"elementor-widget-wrap elementor-element-populated\">\n\t\t\t\t\t\t<div class=\"elementor-element elementor-element-d6f0afb elementor-widget elementor-widget-text-editor\" data-id=\"d6f0afb\" data-element_type=\"widget\" data-e-type=\"widget\" data-widget_type=\"text-editor.default\">\n\t\t\t\t<div class=\"elementor-widget-container\">\n\t\t\t\t\t\t\t\t\t<p>S\u00e9rum de textura ligera formulado con una combinaci\u00f3n de potentes antioxidantes que ayudan a proteger la piel de agresiones externas (contaminaci\u00f3n, rayos UV&#8230;) e internas<\/p>\t\t\t\t\t\t\t\t<\/div>\n\t\t\t\t<\/div>\n\t\t\t\t<div class=\"elementor-element elementor-element-55484a8 elementor-align-center elementor-widget elementor-widget-button\" data-id=\"55484a8\" data-element_type=\"widget\" data-e-type=\"widget\" data-widget_type=\"button.default\">\n\t\t\t\t<div class=\"elementor-widget-container\">\n\t\t\t\t\t\t\t\t\t<div class=\"elementor-button-wrapper\">\n\t\t\t\t\t<a class=\"elementor-button elementor-button-link elementor-size-sm\" href=\"https:\/\/www.alissibronte.com\/es\/envejecimiento\/99-amethyst.html\">\n\t\t\t\t\t\t<span class=\"elementor-button-content-wrapper\">\n\t\t\t\t\t\t\t\t\t<span class=\"elementor-button-text\">SABER M\u00c1S<\/span>\n\t\t\t\t\t<\/span>\n\t\t\t\t\t<\/a>\n\t\t\t\t<\/div>\n\t\t\t\t\t\t\t\t<\/div>\n\t\t\t\t<\/div>\n\t\t\t\t\t<\/div>\n\t\t<\/div>\n\t\t\t\t<div class=\"elementor-column elementor-col-50 elementor-inner-column elementor-element elementor-element-b21c8d8\" data-id=\"b21c8d8\" data-element_type=\"column\" data-e-type=\"column\">\n\t\t\t<div class=\"elementor-widget-wrap elementor-element-populated\">\n\t\t\t\t\t\t<div class=\"elementor-element elementor-element-4f13090 elementor-widget elementor-widget-image\" data-id=\"4f13090\" data-element_type=\"widget\" data-e-type=\"widget\" data-widget_type=\"image.default\">\n\t\t\t\t<div class=\"elementor-widget-container\">\n\t\t\t\t\t\t\t\t\t\t\t\t\t\t\t<img loading=\"lazy\" decoding=\"async\" width=\"232\" height=\"300\" src=\"https:\/\/www.alissibronte.com\/blog\/wp-content\/uploads\/amethyst-232x300.jpg\" class=\"attachment-medium size-medium wp-image-5553\" alt=\"\" srcset=\"https:\/\/www.alissibronte.com\/blog\/wp-content\/uploads\/amethyst-232x300.jpg 232w, https:\/\/www.alissibronte.com\/blog\/wp-content\/uploads\/amethyst-792x1024.jpg 792w, https:\/\/www.alissibronte.com\/blog\/wp-content\/uploads\/amethyst-768x993.jpg 768w, https:\/\/www.alissibronte.com\/blog\/wp-content\/uploads\/amethyst.jpg 1100w\" sizes=\"(max-width: 232px) 100vw, 232px\" \/>\t\t\t\t\t\t\t\t\t\t\t\t\t\t\t<\/div>\n\t\t\t\t<\/div>\n\t\t\t\t\t<\/div>\n\t\t<\/div>\n\t\t\t\t\t<\/div>\n\t\t<\/section>\n\t\t\t\t<section class=\"elementor-section elementor-inner-section elementor-element elementor-element-85df893 elementor-section-boxed elementor-section-height-default elementor-section-height-default\" data-id=\"85df893\" data-element_type=\"section\" data-e-type=\"section\">\n\t\t\t\t\t\t<div class=\"elementor-container elementor-column-gap-default\">\n\t\t\t\t\t<div class=\"elementor-column elementor-col-50 elementor-inner-column elementor-element elementor-element-6a07b4e\" data-id=\"6a07b4e\" data-element_type=\"column\" data-e-type=\"column\">\n\t\t\t<div class=\"elementor-widget-wrap elementor-element-populated\">\n\t\t\t\t\t\t<div class=\"elementor-element elementor-element-7133649 elementor-widget elementor-widget-image\" data-id=\"7133649\" data-element_type=\"widget\" data-e-type=\"widget\" data-widget_type=\"image.default\">\n\t\t\t\t<div class=\"elementor-widget-container\">\n\t\t\t\t\t\t\t\t\t\t\t\t\t\t\t<img loading=\"lazy\" decoding=\"async\" width=\"232\" height=\"300\" src=\"https:\/\/www.alissibronte.com\/blog\/wp-content\/uploads\/serenity-serum-de-orquidea-232x300.jpg\" class=\"attachment-medium size-medium wp-image-5558\" alt=\"\" srcset=\"https:\/\/www.alissibronte.com\/blog\/wp-content\/uploads\/serenity-serum-de-orquidea-232x300.jpg 232w, https:\/\/www.alissibronte.com\/blog\/wp-content\/uploads\/serenity-serum-de-orquidea-792x1024.jpg 792w, https:\/\/www.alissibronte.com\/blog\/wp-content\/uploads\/serenity-serum-de-orquidea-768x993.jpg 768w, https:\/\/www.alissibronte.com\/blog\/wp-content\/uploads\/serenity-serum-de-orquidea.jpg 1100w\" sizes=\"(max-width: 232px) 100vw, 232px\" \/>\t\t\t\t\t\t\t\t\t\t\t\t\t\t\t<\/div>\n\t\t\t\t<\/div>\n\t\t\t\t\t<\/div>\n\t\t<\/div>\n\t\t\t\t<div class=\"elementor-column elementor-col-50 elementor-inner-column elementor-element elementor-element-ad0a85a\" data-id=\"ad0a85a\" data-element_type=\"column\" data-e-type=\"column\">\n\t\t\t<div class=\"elementor-widget-wrap elementor-element-populated\">\n\t\t\t\t\t\t<div class=\"elementor-element elementor-element-b272f7c elementor-widget elementor-widget-text-editor\" data-id=\"b272f7c\" data-element_type=\"widget\" data-e-type=\"widget\" data-widget_type=\"text-editor.default\">\n\t\t\t\t<div class=\"elementor-widget-container\">\n\t\t\t\t\t\t\t\t\t<p>S\u00e9rum hidratante que aporta un alivio inmediato a las pieles sensibles.<\/p>\t\t\t\t\t\t\t\t<\/div>\n\t\t\t\t<\/div>\n\t\t\t\t<div class=\"elementor-element elementor-element-68c75e1 elementor-align-center elementor-widget elementor-widget-button\" data-id=\"68c75e1\" data-element_type=\"widget\" data-e-type=\"widget\" data-widget_type=\"button.default\">\n\t\t\t\t<div class=\"elementor-widget-container\">\n\t\t\t\t\t\t\t\t\t<div class=\"elementor-button-wrapper\">\n\t\t\t\t\t<a class=\"elementor-button elementor-button-link elementor-size-sm\" href=\"https:\/\/www.alissibronte.com\/es\/piel-sensible\/25-612-serenity-serum-de-orquidea.html#\/10-tamano-30\">\n\t\t\t\t\t\t<span class=\"elementor-button-content-wrapper\">\n\t\t\t\t\t\t\t\t\t<span class=\"elementor-button-text\">SABER M\u00c1S<\/span>\n\t\t\t\t\t<\/span>\n\t\t\t\t\t<\/a>\n\t\t\t\t<\/div>\n\t\t\t\t\t\t\t\t<\/div>\n\t\t\t\t<\/div>\n\t\t\t\t\t<\/div>\n\t\t<\/div>\n\t\t\t\t\t<\/div>\n\t\t<\/section>\n\t\t\t\t<section class=\"elementor-section elementor-inner-section elementor-element elementor-element-70e044f elementor-section-boxed elementor-section-height-default elementor-section-height-default\" data-id=\"70e044f\" data-element_type=\"section\" data-e-type=\"section\">\n\t\t\t\t\t\t<div class=\"elementor-container elementor-column-gap-default\">\n\t\t\t\t\t<div class=\"elementor-column elementor-col-50 elementor-inner-column elementor-element elementor-element-afef7dd\" data-id=\"afef7dd\" data-element_type=\"column\" data-e-type=\"column\">\n\t\t\t<div class=\"elementor-widget-wrap elementor-element-populated\">\n\t\t\t\t\t\t<div class=\"elementor-element elementor-element-192acf2 elementor-widget elementor-widget-text-editor\" data-id=\"192acf2\" data-element_type=\"widget\" data-e-type=\"widget\" data-widget_type=\"text-editor.default\">\n\t\t\t\t<div class=\"elementor-widget-container\">\n\t\t\t\t\t\t\t\t\t<p>Crema hidratante que combate los signos del envejecimiento aportando un alivio inmediato a las pieles sensibles.<\/p>\t\t\t\t\t\t\t\t<\/div>\n\t\t\t\t<\/div>\n\t\t\t\t<div class=\"elementor-element elementor-element-716b8b6 elementor-align-center elementor-widget elementor-widget-button\" data-id=\"716b8b6\" data-element_type=\"widget\" data-e-type=\"widget\" data-widget_type=\"button.default\">\n\t\t\t\t<div class=\"elementor-widget-container\">\n\t\t\t\t\t\t\t\t\t<div class=\"elementor-button-wrapper\">\n\t\t\t\t\t<a class=\"elementor-button elementor-button-link elementor-size-sm\" href=\"https:\/\/www.alissibronte.com\/es\/piel-sensible\/24-614-serenity-crema-de-orquidea.html#\/5-tamano-50\">\n\t\t\t\t\t\t<span class=\"elementor-button-content-wrapper\">\n\t\t\t\t\t\t\t\t\t<span class=\"elementor-button-text\">SABER M\u00c1S<\/span>\n\t\t\t\t\t<\/span>\n\t\t\t\t\t<\/a>\n\t\t\t\t<\/div>\n\t\t\t\t\t\t\t\t<\/div>\n\t\t\t\t<\/div>\n\t\t\t\t\t<\/div>\n\t\t<\/div>\n\t\t\t\t<div class=\"elementor-column elementor-col-50 elementor-inner-column elementor-element elementor-element-a02e8c3\" data-id=\"a02e8c3\" data-element_type=\"column\" data-e-type=\"column\">\n\t\t\t<div class=\"elementor-widget-wrap elementor-element-populated\">\n\t\t\t\t\t\t<div class=\"elementor-element elementor-element-28141d8 elementor-widget elementor-widget-image\" data-id=\"28141d8\" data-element_type=\"widget\" data-e-type=\"widget\" data-widget_type=\"image.default\">\n\t\t\t\t<div class=\"elementor-widget-container\">\n\t\t\t\t\t\t\t\t\t\t\t\t\t\t\t<img loading=\"lazy\" decoding=\"async\" width=\"232\" height=\"300\" src=\"https:\/\/www.alissibronte.com\/blog\/wp-content\/uploads\/serenity-crema-de-orquidea-232x300.jpg\" class=\"attachment-medium size-medium wp-image-5557\" alt=\"\" srcset=\"https:\/\/www.alissibronte.com\/blog\/wp-content\/uploads\/serenity-crema-de-orquidea-232x300.jpg 232w, https:\/\/www.alissibronte.com\/blog\/wp-content\/uploads\/serenity-crema-de-orquidea-792x1024.jpg 792w, https:\/\/www.alissibronte.com\/blog\/wp-content\/uploads\/serenity-crema-de-orquidea-768x993.jpg 768w, https:\/\/www.alissibronte.com\/blog\/wp-content\/uploads\/serenity-crema-de-orquidea.jpg 1100w\" sizes=\"(max-width: 232px) 100vw, 232px\" \/>\t\t\t\t\t\t\t\t\t\t\t\t\t\t\t<\/div>\n\t\t\t\t<\/div>\n\t\t\t\t\t<\/div>\n\t\t<\/div>\n\t\t\t\t\t<\/div>\n\t\t<\/section>\n\t\t\t\t<div class=\"elementor-element elementor-element-4bdf257 elementor-widget-divider--view-line elementor-widget elementor-widget-divider\" data-id=\"4bdf257\" data-element_type=\"widget\" data-e-type=\"widget\" data-widget_type=\"divider.default\">\n\t\t\t\t<div class=\"elementor-widget-container\">\n\t\t\t\t\t\t\t<div class=\"elementor-divider\">\n\t\t\t<span class=\"elementor-divider-separator\">\n\t\t\t\t\t\t<\/span>\n\t\t<\/div>\n\t\t\t\t\t\t<\/div>\n\t\t\t\t<\/div>\n\t\t\t\t\t<\/div>\n\t\t<\/div>\n\t\t\t\t\t<\/div>\n\t\t<\/section>\n\t\t\t\t<section class=\"elementor-section elementor-top-section elementor-element elementor-element-e298b79 elementor-section-boxed elementor-section-height-default elementor-section-height-default\" data-id=\"e298b79\" data-element_type=\"section\" data-e-type=\"section\">\n\t\t\t\t\t\t<div class=\"elementor-container elementor-column-gap-default\">\n\t\t\t\t\t<div class=\"elementor-column elementor-col-100 elementor-top-column elementor-element elementor-element-c144f25\" data-id=\"c144f25\" data-element_type=\"column\" data-e-type=\"column\">\n\t\t\t<div class=\"elementor-widget-wrap elementor-element-populated\">\n\t\t\t\t\t\t<div class=\"elementor-element elementor-element-ff8b3f0 elementor-widget elementor-widget-text-editor\" data-id=\"ff8b3f0\" data-element_type=\"widget\" data-e-type=\"widget\" data-widget_type=\"text-editor.default\">\n\t\t\t\t<div class=\"elementor-widget-container\">\n\t\t\t\t\t\t\t\t\t<p>Consulta siempre con tu m\u00e9dico. En nuestra p\u00e1gina web encontrar\u00e1s toda la informaci\u00f3n y listado de ingredientes de cada producto. <a href=\"http:\/\/WWW.alissibronte.com\">www.alissibronte.com<\/a><\/p>\t\t\t\t\t\t\t\t<\/div>\n\t\t\t\t<\/div>\n\t\t\t\t\t<\/div>\n\t\t<\/div>\n\t\t\t\t\t<\/div>\n\t\t<\/section>\n\t\t\t\t<\/div>\n\t\t","protected":false},"excerpt":{"rendered":"<p>HIDRATACI\u00d3N, CLAVE PARA RESTAURAR LA PIEL Y PROTEGERNOS \u00a0 Durante el proceso oncol\u00f3gico, la piel sufre una serie de cambios debido a los efectos de las terapias antineopl\u00e1sicas y de la propia enfermedad, que pueden alterar la funci\u00f3n barrera, haci\u00e9ndola m\u00e1s permeable y sensible a ciertos ingredientes de los cosm\u00e9ticos y a las agresiones externas [&hellip;]<\/p>\n","protected":false},"author":4,"featured_media":5579,"comment_status":"open","ping_status":"open","sticky":false,"template":"","format":"standard","meta":{"ocean_post_layout":"","ocean_both_sidebars_style":"","ocean_both_sidebars_content_width":0,"ocean_both_sidebars_sidebars_width":0,"ocean_sidebar":"0","ocean_second_sidebar":"0","ocean_disable_margins":"enable","ocean_add_body_class":"","ocean_shortcode_before_top_bar":"","ocean_shortcode_after_top_bar":"","ocean_shortcode_before_header":"","ocean_shortcode_after_header":"","ocean_has_shortcode":"","ocean_shortcode_after_title":"","ocean_shortcode_before_footer_widgets":"","ocean_shortcode_after_footer_widgets":"","ocean_shortcode_before_footer_bottom":"","ocean_shortcode_after_footer_bottom":"","ocean_display_top_bar":"default","ocean_display_header":"default","ocean_header_style":"","ocean_center_header_left_menu":"0","ocean_custom_header_template":"0","ocean_custom_logo":0,"ocean_custom_retina_logo":0,"ocean_custom_logo_max_width":0,"ocean_custom_logo_tablet_max_width":0,"ocean_custom_logo_mobile_max_width":0,"ocean_custom_logo_max_height":0,"ocean_custom_logo_tablet_max_height":0,"ocean_custom_logo_mobile_max_height":0,"ocean_header_custom_menu":"0","ocean_menu_typo_font_family":"0","ocean_menu_typo_font_subset":"","ocean_menu_typo_font_size":0,"ocean_menu_typo_font_size_tablet":0,"ocean_menu_typo_font_size_mobile":0,"ocean_menu_typo_font_size_unit":"px","ocean_menu_typo_font_weight":"","ocean_menu_typo_font_weight_tablet":"","ocean_menu_typo_font_weight_mobile":"","ocean_menu_typo_transform":"","ocean_menu_typo_transform_tablet":"","ocean_menu_typo_transform_mobile":"","ocean_menu_typo_line_height":0,"ocean_menu_typo_line_height_tablet":0,"ocean_menu_typo_line_height_mobile":0,"ocean_menu_typo_line_height_unit":"","ocean_menu_typo_spacing":0,"ocean_menu_typo_spacing_tablet":0,"ocean_menu_typo_spacing_mobile":0,"ocean_menu_typo_spacing_unit":"","ocean_menu_link_color":"","ocean_menu_link_color_hover":"","ocean_menu_link_color_active":"","ocean_menu_link_background":"","ocean_menu_link_hover_background":"","ocean_menu_link_active_background":"","ocean_menu_social_links_bg":"","ocean_menu_social_hover_links_bg":"","ocean_menu_social_links_color":"","ocean_menu_social_hover_links_color":"","ocean_disable_title":"default","ocean_disable_heading":"default","ocean_post_title":"","ocean_post_subheading":"","ocean_post_title_style":"","ocean_post_title_background_color":"","ocean_post_title_background":0,"ocean_post_title_bg_image_position":"","ocean_post_title_bg_image_attachment":"","ocean_post_title_bg_image_repeat":"","ocean_post_title_bg_image_size":"","ocean_post_title_height":0,"ocean_post_title_bg_overlay":0.5,"ocean_post_title_bg_overlay_color":"","ocean_disable_breadcrumbs":"default","ocean_breadcrumbs_color":"","ocean_breadcrumbs_separator_color":"","ocean_breadcrumbs_links_color":"","ocean_breadcrumbs_links_hover_color":"","ocean_display_footer_widgets":"default","ocean_display_footer_bottom":"default","ocean_custom_footer_template":"0","ocean_post_oembed":"","ocean_post_self_hosted_media":"","ocean_post_video_embed":"","ocean_link_format":"","ocean_link_format_target":"self","ocean_quote_format":"","ocean_quote_format_link":"post","ocean_gallery_link_images":"off","ocean_gallery_id":[],"footnotes":""},"categories":[8],"tags":[],"class_list":["post-5550","post","type-post","status-publish","format-standard","has-post-thumbnail","hentry","category-cosmetica-natural","entry","has-media"],"yoast_head":"<!-- This site is optimized with the Yoast SEO plugin v27.4 - https:\/\/yoast.com\/product\/yoast-seo-wordpress\/ -->\n<title>C\u00f3mo elegir tu cosm\u00e9tico durante un tratamiento oncol\u00f3gico - Alissi Bront\u00eb<\/title>\n<meta name=\"description\" content=\"Durante el proceso oncol\u00f3gico, la piel sufre una serie de cambios debido a los efectos de las terapias y de la propia enfermedad. Aprende c\u00f3mo elegir tus cosm\u00e9ticos durante el tratamiento.\" \/>\n<meta name=\"robots\" content=\"index, follow, max-snippet:-1, max-image-preview:large, max-video-preview:-1\" \/>\n<link rel=\"canonical\" href=\"https:\/\/www.alissibronte.com\/blog\/como-elegir-tu-cosmetico-durante-un-tratamiento-oncologico\/\" \/>\n<meta property=\"og:locale\" content=\"es_ES\" \/>\n<meta property=\"og:type\" content=\"article\" \/>\n<meta property=\"og:title\" content=\"C\u00f3mo elegir tu cosm\u00e9tico durante un tratamiento oncol\u00f3gico - Alissi Bront\u00eb\" \/>\n<meta property=\"og:description\" content=\"Durante el proceso oncol\u00f3gico, la piel sufre una serie de cambios debido a los efectos de las terapias y de la propia enfermedad. Aprende c\u00f3mo elegir tus cosm\u00e9ticos durante el tratamiento.\" \/>\n<meta property=\"og:url\" content=\"https:\/\/www.alissibronte.com\/blog\/como-elegir-tu-cosmetico-durante-un-tratamiento-oncologico\/\" \/>\n<meta property=\"og:site_name\" content=\"Alissi Bront\u00eb\" \/>\n<meta property=\"article:published_time\" content=\"2023-02-03T08:52:38+00:00\" \/>\n<meta property=\"article:modified_time\" content=\"2023-02-03T09:14:07+00:00\" \/>\n<meta property=\"og:image\" content=\"https:\/\/www.alissibronte.com\/blog\/wp-content\/uploads\/mujer-cancer.png\" \/>\n\t<meta property=\"og:image:width\" content=\"1274\" \/>\n\t<meta property=\"og:image:height\" content=\"600\" \/>\n\t<meta property=\"og:image:type\" content=\"image\/png\" \/>\n<meta name=\"author\" content=\"Alissi\" \/>\n<meta name=\"twitter:card\" content=\"summary_large_image\" \/>\n<meta name=\"twitter:label1\" content=\"Escrito por\" \/>\n\t<meta name=\"twitter:data1\" content=\"Alissi\" \/>\n\t<meta name=\"twitter:label2\" content=\"Tiempo de lectura\" \/>\n\t<meta name=\"twitter:data2\" content=\"5 minutos\" \/>\n<script type=\"application\/ld+json\" class=\"yoast-schema-graph\">{\"@context\":\"https:\\\/\\\/schema.org\",\"@graph\":[{\"@type\":\"Article\",\"@id\":\"https:\\\/\\\/www.alissibronte.com\\\/blog\\\/como-elegir-tu-cosmetico-durante-un-tratamiento-oncologico\\\/#article\",\"isPartOf\":{\"@id\":\"https:\\\/\\\/www.alissibronte.com\\\/blog\\\/como-elegir-tu-cosmetico-durante-un-tratamiento-oncologico\\\/\"},\"author\":{\"name\":\"Alissi\",\"@id\":\"https:\\\/\\\/www.alissibronte.com\\\/blog\\\/#\\\/schema\\\/person\\\/b4cdcfccd56b548de1185911f34b211c\"},\"headline\":\"C\u00f3mo elegir tu cosm\u00e9tico durante un tratamiento oncol\u00f3gico\",\"datePublished\":\"2023-02-03T08:52:38+00:00\",\"dateModified\":\"2023-02-03T09:14:07+00:00\",\"mainEntityOfPage\":{\"@id\":\"https:\\\/\\\/www.alissibronte.com\\\/blog\\\/como-elegir-tu-cosmetico-durante-un-tratamiento-oncologico\\\/\"},\"wordCount\":798,\"commentCount\":0,\"publisher\":{\"@id\":\"https:\\\/\\\/www.alissibronte.com\\\/blog\\\/#organization\"},\"image\":{\"@id\":\"https:\\\/\\\/www.alissibronte.com\\\/blog\\\/como-elegir-tu-cosmetico-durante-un-tratamiento-oncologico\\\/#primaryimage\"},\"thumbnailUrl\":\"https:\\\/\\\/www.alissibronte.com\\\/blog\\\/wp-content\\\/uploads\\\/mujer-cancer.png\",\"articleSection\":[\"Cosm\u00e9tica Natural\"],\"inLanguage\":\"es\",\"potentialAction\":[{\"@type\":\"CommentAction\",\"name\":\"Comment\",\"target\":[\"https:\\\/\\\/www.alissibronte.com\\\/blog\\\/como-elegir-tu-cosmetico-durante-un-tratamiento-oncologico\\\/#respond\"]}]},{\"@type\":\"WebPage\",\"@id\":\"https:\\\/\\\/www.alissibronte.com\\\/blog\\\/como-elegir-tu-cosmetico-durante-un-tratamiento-oncologico\\\/\",\"url\":\"https:\\\/\\\/www.alissibronte.com\\\/blog\\\/como-elegir-tu-cosmetico-durante-un-tratamiento-oncologico\\\/\",\"name\":\"C\u00f3mo elegir tu cosm\u00e9tico durante un tratamiento oncol\u00f3gico - Alissi Bront\u00eb\",\"isPartOf\":{\"@id\":\"https:\\\/\\\/www.alissibronte.com\\\/blog\\\/#website\"},\"primaryImageOfPage\":{\"@id\":\"https:\\\/\\\/www.alissibronte.com\\\/blog\\\/como-elegir-tu-cosmetico-durante-un-tratamiento-oncologico\\\/#primaryimage\"},\"image\":{\"@id\":\"https:\\\/\\\/www.alissibronte.com\\\/blog\\\/como-elegir-tu-cosmetico-durante-un-tratamiento-oncologico\\\/#primaryimage\"},\"thumbnailUrl\":\"https:\\\/\\\/www.alissibronte.com\\\/blog\\\/wp-content\\\/uploads\\\/mujer-cancer.png\",\"datePublished\":\"2023-02-03T08:52:38+00:00\",\"dateModified\":\"2023-02-03T09:14:07+00:00\",\"description\":\"Durante el proceso oncol\u00f3gico, la piel sufre una serie de cambios debido a los efectos de las terapias y de la propia enfermedad. Aprende c\u00f3mo elegir tus cosm\u00e9ticos durante el tratamiento.\",\"breadcrumb\":{\"@id\":\"https:\\\/\\\/www.alissibronte.com\\\/blog\\\/como-elegir-tu-cosmetico-durante-un-tratamiento-oncologico\\\/#breadcrumb\"},\"inLanguage\":\"es\",\"potentialAction\":[{\"@type\":\"ReadAction\",\"target\":[\"https:\\\/\\\/www.alissibronte.com\\\/blog\\\/como-elegir-tu-cosmetico-durante-un-tratamiento-oncologico\\\/\"]}]},{\"@type\":\"ImageObject\",\"inLanguage\":\"es\",\"@id\":\"https:\\\/\\\/www.alissibronte.com\\\/blog\\\/como-elegir-tu-cosmetico-durante-un-tratamiento-oncologico\\\/#primaryimage\",\"url\":\"https:\\\/\\\/www.alissibronte.com\\\/blog\\\/wp-content\\\/uploads\\\/mujer-cancer.png\",\"contentUrl\":\"https:\\\/\\\/www.alissibronte.com\\\/blog\\\/wp-content\\\/uploads\\\/mujer-cancer.png\",\"width\":1274,\"height\":600},{\"@type\":\"BreadcrumbList\",\"@id\":\"https:\\\/\\\/www.alissibronte.com\\\/blog\\\/como-elegir-tu-cosmetico-durante-un-tratamiento-oncologico\\\/#breadcrumb\",\"itemListElement\":[{\"@type\":\"ListItem\",\"position\":1,\"name\":\"Portada\",\"item\":\"https:\\\/\\\/www.alissibronte.com\\\/blog\\\/\"},{\"@type\":\"ListItem\",\"position\":2,\"name\":\"C\u00f3mo elegir tu cosm\u00e9tico durante un tratamiento oncol\u00f3gico\"}]},{\"@type\":\"WebSite\",\"@id\":\"https:\\\/\\\/www.alissibronte.com\\\/blog\\\/#website\",\"url\":\"https:\\\/\\\/www.alissibronte.com\\\/blog\\\/\",\"name\":\"Alissi Bront\u00eb\",\"description\":\"Blog\",\"publisher\":{\"@id\":\"https:\\\/\\\/www.alissibronte.com\\\/blog\\\/#organization\"},\"potentialAction\":[{\"@type\":\"SearchAction\",\"target\":{\"@type\":\"EntryPoint\",\"urlTemplate\":\"https:\\\/\\\/www.alissibronte.com\\\/blog\\\/?s={search_term_string}\"},\"query-input\":{\"@type\":\"PropertyValueSpecification\",\"valueRequired\":true,\"valueName\":\"search_term_string\"}}],\"inLanguage\":\"es\"},{\"@type\":\"Organization\",\"@id\":\"https:\\\/\\\/www.alissibronte.com\\\/blog\\\/#organization\",\"name\":\"Alissi Bront\u00eb\",\"url\":\"https:\\\/\\\/www.alissibronte.com\\\/blog\\\/\",\"logo\":{\"@type\":\"ImageObject\",\"inLanguage\":\"es\",\"@id\":\"https:\\\/\\\/www.alissibronte.com\\\/blog\\\/#\\\/schema\\\/logo\\\/image\\\/\",\"url\":\"https:\\\/\\\/www.alissibronte.com\\\/blog\\\/wp-content\\\/uploads\\\/cropped-alissi-bronte-high-natural-cosmetic-logo-1618992266.png\",\"contentUrl\":\"https:\\\/\\\/www.alissibronte.com\\\/blog\\\/wp-content\\\/uploads\\\/cropped-alissi-bronte-high-natural-cosmetic-logo-1618992266.png\",\"width\":503,\"height\":87,\"caption\":\"Alissi Bront\u00eb\"},\"image\":{\"@id\":\"https:\\\/\\\/www.alissibronte.com\\\/blog\\\/#\\\/schema\\\/logo\\\/image\\\/\"}},{\"@type\":\"Person\",\"@id\":\"https:\\\/\\\/www.alissibronte.com\\\/blog\\\/#\\\/schema\\\/person\\\/b4cdcfccd56b548de1185911f34b211c\",\"name\":\"Alissi\",\"url\":\"https:\\\/\\\/www.alissibronte.com\\\/blog\\\/author\\\/alissi\\\/\"}]}<\/script>\n<!-- \/ Yoast SEO plugin. -->","yoast_head_json":{"title":"C\u00f3mo elegir tu cosm\u00e9tico durante un tratamiento oncol\u00f3gico - Alissi Bront\u00eb","description":"Durante el proceso oncol\u00f3gico, la piel sufre una serie de cambios debido a los efectos de las terapias y de la propia enfermedad. Aprende c\u00f3mo elegir tus cosm\u00e9ticos durante el tratamiento.","robots":{"index":"index","follow":"follow","max-snippet":"max-snippet:-1","max-image-preview":"max-image-preview:large","max-video-preview":"max-video-preview:-1"},"canonical":"https:\/\/www.alissibronte.com\/blog\/como-elegir-tu-cosmetico-durante-un-tratamiento-oncologico\/","og_locale":"es_ES","og_type":"article","og_title":"C\u00f3mo elegir tu cosm\u00e9tico durante un tratamiento oncol\u00f3gico - Alissi Bront\u00eb","og_description":"Durante el proceso oncol\u00f3gico, la piel sufre una serie de cambios debido a los efectos de las terapias y de la propia enfermedad. Aprende c\u00f3mo elegir tus cosm\u00e9ticos durante el tratamiento.","og_url":"https:\/\/www.alissibronte.com\/blog\/como-elegir-tu-cosmetico-durante-un-tratamiento-oncologico\/","og_site_name":"Alissi Bront\u00eb","article_published_time":"2023-02-03T08:52:38+00:00","article_modified_time":"2023-02-03T09:14:07+00:00","og_image":[{"width":1274,"height":600,"url":"https:\/\/www.alissibronte.com\/blog\/wp-content\/uploads\/mujer-cancer.png","type":"image\/png"}],"author":"Alissi","twitter_card":"summary_large_image","twitter_misc":{"Escrito por":"Alissi","Tiempo de lectura":"5 minutos"},"schema":{"@context":"https:\/\/schema.org","@graph":[{"@type":"Article","@id":"https:\/\/www.alissibronte.com\/blog\/como-elegir-tu-cosmetico-durante-un-tratamiento-oncologico\/#article","isPartOf":{"@id":"https:\/\/www.alissibronte.com\/blog\/como-elegir-tu-cosmetico-durante-un-tratamiento-oncologico\/"},"author":{"name":"Alissi","@id":"https:\/\/www.alissibronte.com\/blog\/#\/schema\/person\/b4cdcfccd56b548de1185911f34b211c"},"headline":"C\u00f3mo elegir tu cosm\u00e9tico durante un tratamiento oncol\u00f3gico","datePublished":"2023-02-03T08:52:38+00:00","dateModified":"2023-02-03T09:14:07+00:00","mainEntityOfPage":{"@id":"https:\/\/www.alissibronte.com\/blog\/como-elegir-tu-cosmetico-durante-un-tratamiento-oncologico\/"},"wordCount":798,"commentCount":0,"publisher":{"@id":"https:\/\/www.alissibronte.com\/blog\/#organization"},"image":{"@id":"https:\/\/www.alissibronte.com\/blog\/como-elegir-tu-cosmetico-durante-un-tratamiento-oncologico\/#primaryimage"},"thumbnailUrl":"https:\/\/www.alissibronte.com\/blog\/wp-content\/uploads\/mujer-cancer.png","articleSection":["Cosm\u00e9tica Natural"],"inLanguage":"es","potentialAction":[{"@type":"CommentAction","name":"Comment","target":["https:\/\/www.alissibronte.com\/blog\/como-elegir-tu-cosmetico-durante-un-tratamiento-oncologico\/#respond"]}]},{"@type":"WebPage","@id":"https:\/\/www.alissibronte.com\/blog\/como-elegir-tu-cosmetico-durante-un-tratamiento-oncologico\/","url":"https:\/\/www.alissibronte.com\/blog\/como-elegir-tu-cosmetico-durante-un-tratamiento-oncologico\/","name":"C\u00f3mo elegir tu cosm\u00e9tico durante un tratamiento oncol\u00f3gico - Alissi Bront\u00eb","isPartOf":{"@id":"https:\/\/www.alissibronte.com\/blog\/#website"},"primaryImageOfPage":{"@id":"https:\/\/www.alissibronte.com\/blog\/como-elegir-tu-cosmetico-durante-un-tratamiento-oncologico\/#primaryimage"},"image":{"@id":"https:\/\/www.alissibronte.com\/blog\/como-elegir-tu-cosmetico-durante-un-tratamiento-oncologico\/#primaryimage"},"thumbnailUrl":"https:\/\/www.alissibronte.com\/blog\/wp-content\/uploads\/mujer-cancer.png","datePublished":"2023-02-03T08:52:38+00:00","dateModified":"2023-02-03T09:14:07+00:00","description":"Durante el proceso oncol\u00f3gico, la piel sufre una serie de cambios debido a los efectos de las terapias y de la propia enfermedad. Aprende c\u00f3mo elegir tus cosm\u00e9ticos durante el tratamiento.","breadcrumb":{"@id":"https:\/\/www.alissibronte.com\/blog\/como-elegir-tu-cosmetico-durante-un-tratamiento-oncologico\/#breadcrumb"},"inLanguage":"es","potentialAction":[{"@type":"ReadAction","target":["https:\/\/www.alissibronte.com\/blog\/como-elegir-tu-cosmetico-durante-un-tratamiento-oncologico\/"]}]},{"@type":"ImageObject","inLanguage":"es","@id":"https:\/\/www.alissibronte.com\/blog\/como-elegir-tu-cosmetico-durante-un-tratamiento-oncologico\/#primaryimage","url":"https:\/\/www.alissibronte.com\/blog\/wp-content\/uploads\/mujer-cancer.png","contentUrl":"https:\/\/www.alissibronte.com\/blog\/wp-content\/uploads\/mujer-cancer.png","width":1274,"height":600},{"@type":"BreadcrumbList","@id":"https:\/\/www.alissibronte.com\/blog\/como-elegir-tu-cosmetico-durante-un-tratamiento-oncologico\/#breadcrumb","itemListElement":[{"@type":"ListItem","position":1,"name":"Portada","item":"https:\/\/www.alissibronte.com\/blog\/"},{"@type":"ListItem","position":2,"name":"C\u00f3mo elegir tu cosm\u00e9tico durante un tratamiento oncol\u00f3gico"}]},{"@type":"WebSite","@id":"https:\/\/www.alissibronte.com\/blog\/#website","url":"https:\/\/www.alissibronte.com\/blog\/","name":"Alissi Bront\u00eb","description":"Blog","publisher":{"@id":"https:\/\/www.alissibronte.com\/blog\/#organization"},"potentialAction":[{"@type":"SearchAction","target":{"@type":"EntryPoint","urlTemplate":"https:\/\/www.alissibronte.com\/blog\/?s={search_term_string}"},"query-input":{"@type":"PropertyValueSpecification","valueRequired":true,"valueName":"search_term_string"}}],"inLanguage":"es"},{"@type":"Organization","@id":"https:\/\/www.alissibronte.com\/blog\/#organization","name":"Alissi Bront\u00eb","url":"https:\/\/www.alissibronte.com\/blog\/","logo":{"@type":"ImageObject","inLanguage":"es","@id":"https:\/\/www.alissibronte.com\/blog\/#\/schema\/logo\/image\/","url":"https:\/\/www.alissibronte.com\/blog\/wp-content\/uploads\/cropped-alissi-bronte-high-natural-cosmetic-logo-1618992266.png","contentUrl":"https:\/\/www.alissibronte.com\/blog\/wp-content\/uploads\/cropped-alissi-bronte-high-natural-cosmetic-logo-1618992266.png","width":503,"height":87,"caption":"Alissi Bront\u00eb"},"image":{"@id":"https:\/\/www.alissibronte.com\/blog\/#\/schema\/logo\/image\/"}},{"@type":"Person","@id":"https:\/\/www.alissibronte.com\/blog\/#\/schema\/person\/b4cdcfccd56b548de1185911f34b211c","name":"Alissi","url":"https:\/\/www.alissibronte.com\/blog\/author\/alissi\/"}]}},"_links":{"self":[{"href":"https:\/\/www.alissibronte.com\/blog\/wp-json\/wp\/v2\/posts\/5550","targetHints":{"allow":["GET"]}}],"collection":[{"href":"https:\/\/www.alissibronte.com\/blog\/wp-json\/wp\/v2\/posts"}],"about":[{"href":"https:\/\/www.alissibronte.com\/blog\/wp-json\/wp\/v2\/types\/post"}],"author":[{"embeddable":true,"href":"https:\/\/www.alissibronte.com\/blog\/wp-json\/wp\/v2\/users\/4"}],"replies":[{"embeddable":true,"href":"https:\/\/www.alissibronte.com\/blog\/wp-json\/wp\/v2\/comments?post=5550"}],"version-history":[{"count":26,"href":"https:\/\/www.alissibronte.com\/blog\/wp-json\/wp\/v2\/posts\/5550\/revisions"}],"predecessor-version":[{"id":5586,"href":"https:\/\/www.alissibronte.com\/blog\/wp-json\/wp\/v2\/posts\/5550\/revisions\/5586"}],"wp:featuredmedia":[{"embeddable":true,"href":"https:\/\/www.alissibronte.com\/blog\/wp-json\/wp\/v2\/media\/5579"}],"wp:attachment":[{"href":"https:\/\/www.alissibronte.com\/blog\/wp-json\/wp\/v2\/media?parent=5550"}],"wp:term":[{"taxonomy":"category","embeddable":true,"href":"https:\/\/www.alissibronte.com\/blog\/wp-json\/wp\/v2\/categories?post=5550"},{"taxonomy":"post_tag","embeddable":true,"href":"https:\/\/www.alissibronte.com\/blog\/wp-json\/wp\/v2\/tags?post=5550"}],"curies":[{"name":"wp","href":"https:\/\/api.w.org\/{rel}","templated":true}]}}