{"id":5626,"date":"2023-10-25T11:25:13","date_gmt":"2023-10-25T09:25:13","guid":{"rendered":"https:\/\/www.alissibronte.com\/blog\/?p=5626"},"modified":"2023-10-25T11:26:45","modified_gmt":"2023-10-25T09:26:45","slug":"conoce-a-la-ganadora-del-concurso-de-protocolo-de-belleza-de-alissi-bronte","status":"publish","type":"post","link":"https:\/\/www.alissibronte.com\/blog\/conoce-a-la-ganadora-del-concurso-de-protocolo-de-belleza-de-alissi-bronte\/","title":{"rendered":"CONOCE A LA GANADORA del CONCURSO DE PROTOCOLO DE BELLEZA de ALISSI BRONT\u00cb"},"content":{"rendered":"<p>Llegamos a Alicante. En pleno centro de la ciudad encontramos el centro de Belleza Sapphira Priv\u00e9 Alicante. Katerina, la ganadora de la primera edici\u00f3n del concurso de Protocolo facial de Alissi Bront\u00eb, nos espera.<\/p>\n<p>El centro, abri\u00f3 hace 3 a\u00f1os de la mano de Debora, su fundadora. Cuando Alissi Bronte lanz\u00f3 el concurso, Debora y Maribel, formadora de Alissi Bront\u00eb de la zona de Alicante, animaron a todas sus chicas a presentarse.<\/p>\n<p><img fetchpriority=\"high\" decoding=\"async\" class=\"size-full wp-image-5629 aligncenter\" src=\"https:\/\/www.alissibronte.com\/blog\/wp-content\/uploads\/Sapphira-Prive-alicante.png\" alt=\"\" width=\"447\" height=\"344\" srcset=\"https:\/\/www.alissibronte.com\/blog\/wp-content\/uploads\/Sapphira-Prive-alicante.png 447w, https:\/\/www.alissibronte.com\/blog\/wp-content\/uploads\/Sapphira-Prive-alicante-300x231.png 300w\" sizes=\"(max-width: 447px) 100vw, 447px\" \/><\/p>\n<p>\u00a8Sab\u00edamos que era dif\u00edcil, m\u00e1s de 180 centros, pero desde el principio me visualic\u00e9 ganando este maravilloso premio (Maquina de an\u00e1lisis facial)\u201d nos comenta Katerina, la dise\u00f1adora del protocolo que ha ganado el premio Alissi Bront\u00eb.<\/p>\n<p>\u201cEl tratamiento que hemos presentado est\u00e1 basado en la experiencia Sapphira y en nuestra esencia de trato a nuestras clientas: Este tratamiento no es solo un cuidado profundo para la piel, sino tambi\u00e9n un viaje hacia la tranquilidad y el equilibrio interior. Nuestro objetivo es brindar una experiencia sensorial completa que nutra la piel y revitalice el esp\u00edritu.\u201d<\/p>\n<p>En un mundo donde la agitaci\u00f3n y el estr\u00e9s son parte de nuestra rutina diaria, es esencial tomar un momento para cuidar tanto de nuestro exterior como de nuestro interior.<\/p>\n<p>Un trabajo que Katerina ha sabido plasmar a la perfecci\u00f3n y en el que ha contado con la ayuda de sus compa\u00f1eras, y es que no hay nada como rodearse de un buen equipo para conseguir un buen resultado.<\/p>\n<p>En <a href=\"https:\/\/sapphiralicante.es\/\"><strong>Sapphira Prive Alicante<\/strong><\/a> nuestro objetivo es restaurar no solo la piel de la persona, sino su energ\u00eda y equilibrio. Muchas de ellas llegan con altos niveles de estr\u00e9s, y para todas nosotras, nuestro objetivo es ofrecerles una hora sin preocupaciones, de calma, que lo sientan como su momento, tiempo para ellas y nada m\u00e1s. La experiencia Sapphira transforma.<\/p>\n<p><strong>Cu\u00e9ntanos como contribuye Alissi Bront\u00eb a <a href=\"https:\/\/sapphiralicante.es\/\">Sapphira Prive Alicante<\/a> :<\/strong><\/p>\n<p>Trabajar con los productos de Alissi Bront\u00eb ha supuesto un antes y despu\u00e9s en el centro. Tanto la calidad de los productos para trabajar en cabina como el hecho de que sea cosm\u00e9tica natural con resultados visibles es algo que nosotras y nuestras clientas valoramos. Adem\u00e1s de las texturas y aromas, \u00a1nos encantan!<\/p>\n<p>Nuestras clientas est\u00e1n muy satisfechas con los resultados de Alissi Bront\u00eb y eso nos facilita tambi\u00e9n la labor de educar para que sigamos cuidando la piel en casa.<br \/>\nNuestra forma de acabar un protocolo en cabina es siempre con un espejo, para que la clienta pueda apreciar los cambios en su piel.<\/p>\n<p>El Sapphira tenemos el objetivo de mejorar y transformar la piel de nuestras clientas. Devolverle su salud y su belleza en un plazo de 1 a 2 meses. Y para ello tienes que trabajar con un producto eficaz.<\/p>\n<p><strong>\u00bfCu\u00e1les son los retos en los que os enfrent\u00e1is en cabina?<\/strong><\/p>\n<p>Cada vez vienen m\u00e1s personas con la piel alterada: rojeces, picores, alergias\u2026debido al estilo de vida que llevamos, la contaminaci\u00f3n, el sol&#8230; Una de las razones por las que nuestras clientas han aceptado tan bien la marca Alissi Bront\u00eb y Thalissi es porque ayudan a re-equilibrar su piel y sus formulaciones no le provocan ninguna molestia cut\u00e1nea.<\/p>\n<p>Otro de nuestros retos, pero este como sociedad, es creernos de una vez por todas que tenemos derecho a cuidarnos, a tener tiempo para nosotras, a invertir en nuestra salud y nuestra belleza y no solo en el centro sino una rutina diaria en casa.<\/p>\n<p><strong>\u00bfC\u00f3mo recibiste la noticia de que eras la ganadora de la primera de edici\u00f3n del concurso de Protocolo facial de Alissi Bront\u00eb?<\/strong><\/p>\n<p>\u201cCasi me da algo\u201d, Me llamo Mar\u00eda Zaragos\u00ed, directora de marketing de Alissi Bront\u00eb, y me puse tan nerviosa y contenta que tuve que dejar de atender a mi clienta, porque no paraba de saltar de la emoci\u00f3n.<\/p>\n<p><img decoding=\"async\" class=\"size-full wp-image-5628 aligncenter\" src=\"https:\/\/www.alissibronte.com\/blog\/wp-content\/uploads\/Katerina-y-premio-Alissi-Bronte.png\" alt=\"\" width=\"318\" height=\"399\" srcset=\"https:\/\/www.alissibronte.com\/blog\/wp-content\/uploads\/Katerina-y-premio-Alissi-Bronte.png 318w, https:\/\/www.alissibronte.com\/blog\/wp-content\/uploads\/Katerina-y-premio-Alissi-Bronte-239x300.png 239w\" sizes=\"(max-width: 318px) 100vw, 318px\" \/><\/p>\n<p>&nbsp;<\/p>\n<p><strong>Aqu\u00ed esta vuestro premio: Una m\u00e1quina de diagn\u00f3stico facial.<\/strong><\/p>\n<p>La m\u00e1quina de an\u00e1lisis de piel nos va a ayudar a conocer y profundizar en el estado de salud de la piel de nuestra clienta, y gracias a ella podremos enfocar mejor el tratamiento que cada una de ella necesita tanto en cabina como en casa. Y al poder hacer un seguimiento y comparativa vamos a ver realmente c\u00f3mo evoluciona la piel. Es un avance y un servicio m\u00e1s que vamos a poder ofrecer a nuestras clientas.<\/p>\n<p>&nbsp;<\/p>\n<p><strong>\u00a1Buen trabajo!<\/strong><\/p>\n<p>Todo el equipo de Alissi Bront\u00eb os da la enhorabuena y agradecemos a todas las participantes que han demostrado su profesionalidad y conocimientos.<\/p>\n<p>En breve tendr\u00e9is disponible Sapphira Alicante Experience by Alissi Bront\u00eb tambi\u00e9n para vuestro centro de belleza y vuestras clientas.<\/p>\n","protected":false},"excerpt":{"rendered":"<p>Llegamos a Alicante. En pleno centro de la ciudad encontramos el centro de Belleza Sapphira Priv\u00e9 Alicante. Katerina, la ganadora de la primera edici\u00f3n del concurso de Protocolo facial de Alissi Bront\u00eb, nos espera. El centro, abri\u00f3 hace 3 a\u00f1os de la mano de Debora, su fundadora. Cuando Alissi Bronte lanz\u00f3 el concurso, Debora y [&hellip;]<\/p>\n","protected":false},"author":4,"featured_media":5628,"comment_status":"open","ping_status":"open","sticky":false,"template":"","format":"standard","meta":{"ocean_post_layout":"","ocean_both_sidebars_style":"","ocean_both_sidebars_content_width":0,"ocean_both_sidebars_sidebars_width":0,"ocean_sidebar":"0","ocean_second_sidebar":"0","ocean_disable_margins":"enable","ocean_add_body_class":"","ocean_shortcode_before_top_bar":"","ocean_shortcode_after_top_bar":"","ocean_shortcode_before_header":"","ocean_shortcode_after_header":"","ocean_has_shortcode":"","ocean_shortcode_after_title":"","ocean_shortcode_before_footer_widgets":"","ocean_shortcode_after_footer_widgets":"","ocean_shortcode_before_footer_bottom":"","ocean_shortcode_after_footer_bottom":"","ocean_display_top_bar":"default","ocean_display_header":"default","ocean_header_style":"","ocean_center_header_left_menu":"0","ocean_custom_header_template":"0","ocean_custom_logo":0,"ocean_custom_retina_logo":0,"ocean_custom_logo_max_width":0,"ocean_custom_logo_tablet_max_width":0,"ocean_custom_logo_mobile_max_width":0,"ocean_custom_logo_max_height":0,"ocean_custom_logo_tablet_max_height":0,"ocean_custom_logo_mobile_max_height":0,"ocean_header_custom_menu":"0","ocean_menu_typo_font_family":"0","ocean_menu_typo_font_subset":"","ocean_menu_typo_font_size":0,"ocean_menu_typo_font_size_tablet":0,"ocean_menu_typo_font_size_mobile":0,"ocean_menu_typo_font_size_unit":"px","ocean_menu_typo_font_weight":"","ocean_menu_typo_font_weight_tablet":"","ocean_menu_typo_font_weight_mobile":"","ocean_menu_typo_transform":"","ocean_menu_typo_transform_tablet":"","ocean_menu_typo_transform_mobile":"","ocean_menu_typo_line_height":0,"ocean_menu_typo_line_height_tablet":0,"ocean_menu_typo_line_height_mobile":0,"ocean_menu_typo_line_height_unit":"","ocean_menu_typo_spacing":0,"ocean_menu_typo_spacing_tablet":0,"ocean_menu_typo_spacing_mobile":0,"ocean_menu_typo_spacing_unit":"","ocean_menu_link_color":"","ocean_menu_link_color_hover":"","ocean_menu_link_color_active":"","ocean_menu_link_background":"","ocean_menu_link_hover_background":"","ocean_menu_link_active_background":"","ocean_menu_social_links_bg":"","ocean_menu_social_hover_links_bg":"","ocean_menu_social_links_color":"","ocean_menu_social_hover_links_color":"","ocean_disable_title":"default","ocean_disable_heading":"default","ocean_post_title":"","ocean_post_subheading":"","ocean_post_title_style":"","ocean_post_title_background_color":"","ocean_post_title_background":0,"ocean_post_title_bg_image_position":"","ocean_post_title_bg_image_attachment":"","ocean_post_title_bg_image_repeat":"","ocean_post_title_bg_image_size":"","ocean_post_title_height":0,"ocean_post_title_bg_overlay":0.5,"ocean_post_title_bg_overlay_color":"","ocean_disable_breadcrumbs":"default","ocean_breadcrumbs_color":"","ocean_breadcrumbs_separator_color":"","ocean_breadcrumbs_links_color":"","ocean_breadcrumbs_links_hover_color":"","ocean_display_footer_widgets":"default","ocean_display_footer_bottom":"default","ocean_custom_footer_template":"0","ocean_post_oembed":"","ocean_post_self_hosted_media":"","ocean_post_video_embed":"","ocean_link_format":"","ocean_link_format_target":"self","ocean_quote_format":"","ocean_quote_format_link":"post","ocean_gallery_link_images":"off","ocean_gallery_id":[],"footnotes":""},"categories":[44],"tags":[],"class_list":["post-5626","post","type-post","status-publish","format-standard","has-post-thumbnail","hentry","category-alissi-talks","entry","has-media"],"yoast_head":"<!-- This site is optimized with the Yoast SEO plugin v27.4 - https:\/\/yoast.com\/product\/yoast-seo-wordpress\/ -->\n<title>CONOCE A LA GANADORA del CONCURSO DE PROTOCOLO DE BELLEZA de ALISSI BRONT\u00cb - Alissi Bront\u00eb<\/title>\n<meta name=\"description\" content=\"Llegamos a Alicante. En pleno centro de la ciudad encontramos el centro de Belleza Sapphira Priv\u00e9 Alicante. Katerina, la ganadora de la primera edici\u00f3n del concurso de Protocolo facial de Alissi Bront\u00eb, nos espera.\" \/>\n<meta name=\"robots\" content=\"index, follow, max-snippet:-1, max-image-preview:large, max-video-preview:-1\" \/>\n<link rel=\"canonical\" href=\"https:\/\/www.alissibronte.com\/blog\/conoce-a-la-ganadora-del-concurso-de-protocolo-de-belleza-de-alissi-bronte\/\" \/>\n<meta property=\"og:locale\" content=\"es_ES\" \/>\n<meta property=\"og:type\" content=\"article\" \/>\n<meta property=\"og:title\" content=\"CONOCE A LA GANADORA del CONCURSO DE PROTOCOLO DE BELLEZA de ALISSI BRONT\u00cb - Alissi Bront\u00eb\" \/>\n<meta property=\"og:description\" content=\"Llegamos a Alicante. En pleno centro de la ciudad encontramos el centro de Belleza Sapphira Priv\u00e9 Alicante. Katerina, la ganadora de la primera edici\u00f3n del concurso de Protocolo facial de Alissi Bront\u00eb, nos espera.\" \/>\n<meta property=\"og:url\" content=\"https:\/\/www.alissibronte.com\/blog\/conoce-a-la-ganadora-del-concurso-de-protocolo-de-belleza-de-alissi-bronte\/\" \/>\n<meta property=\"og:site_name\" content=\"Alissi Bront\u00eb\" \/>\n<meta property=\"article:published_time\" content=\"2023-10-25T09:25:13+00:00\" \/>\n<meta property=\"article:modified_time\" content=\"2023-10-25T09:26:45+00:00\" \/>\n<meta property=\"og:image\" content=\"https:\/\/www.alissibronte.com\/blog\/wp-content\/uploads\/Katerina-y-premio-Alissi-Bronte.png\" \/>\n\t<meta property=\"og:image:width\" content=\"318\" \/>\n\t<meta property=\"og:image:height\" content=\"399\" \/>\n\t<meta property=\"og:image:type\" content=\"image\/png\" \/>\n<meta name=\"author\" content=\"Alissi\" \/>\n<meta name=\"twitter:card\" content=\"summary_large_image\" \/>\n<meta name=\"twitter:label1\" content=\"Escrito por\" \/>\n\t<meta name=\"twitter:data1\" content=\"Alissi\" \/>\n\t<meta name=\"twitter:label2\" content=\"Tiempo de lectura\" \/>\n\t<meta name=\"twitter:data2\" content=\"4 minutos\" \/>\n<script type=\"application\/ld+json\" class=\"yoast-schema-graph\">{\"@context\":\"https:\\\/\\\/schema.org\",\"@graph\":[{\"@type\":\"Article\",\"@id\":\"https:\\\/\\\/www.alissibronte.com\\\/blog\\\/conoce-a-la-ganadora-del-concurso-de-protocolo-de-belleza-de-alissi-bronte\\\/#article\",\"isPartOf\":{\"@id\":\"https:\\\/\\\/www.alissibronte.com\\\/blog\\\/conoce-a-la-ganadora-del-concurso-de-protocolo-de-belleza-de-alissi-bronte\\\/\"},\"author\":{\"name\":\"Alissi\",\"@id\":\"https:\\\/\\\/www.alissibronte.com\\\/blog\\\/#\\\/schema\\\/person\\\/b4cdcfccd56b548de1185911f34b211c\"},\"headline\":\"CONOCE A LA GANADORA del CONCURSO DE PROTOCOLO DE BELLEZA de ALISSI BRONT\u00cb\",\"datePublished\":\"2023-10-25T09:25:13+00:00\",\"dateModified\":\"2023-10-25T09:26:45+00:00\",\"mainEntityOfPage\":{\"@id\":\"https:\\\/\\\/www.alissibronte.com\\\/blog\\\/conoce-a-la-ganadora-del-concurso-de-protocolo-de-belleza-de-alissi-bronte\\\/\"},\"wordCount\":800,\"commentCount\":0,\"publisher\":{\"@id\":\"https:\\\/\\\/www.alissibronte.com\\\/blog\\\/#organization\"},\"image\":{\"@id\":\"https:\\\/\\\/www.alissibronte.com\\\/blog\\\/conoce-a-la-ganadora-del-concurso-de-protocolo-de-belleza-de-alissi-bronte\\\/#primaryimage\"},\"thumbnailUrl\":\"https:\\\/\\\/www.alissibronte.com\\\/blog\\\/wp-content\\\/uploads\\\/Katerina-y-premio-Alissi-Bronte.png\",\"articleSection\":[\"#AlissiTalks\"],\"inLanguage\":\"es\",\"potentialAction\":[{\"@type\":\"CommentAction\",\"name\":\"Comment\",\"target\":[\"https:\\\/\\\/www.alissibronte.com\\\/blog\\\/conoce-a-la-ganadora-del-concurso-de-protocolo-de-belleza-de-alissi-bronte\\\/#respond\"]}]},{\"@type\":\"WebPage\",\"@id\":\"https:\\\/\\\/www.alissibronte.com\\\/blog\\\/conoce-a-la-ganadora-del-concurso-de-protocolo-de-belleza-de-alissi-bronte\\\/\",\"url\":\"https:\\\/\\\/www.alissibronte.com\\\/blog\\\/conoce-a-la-ganadora-del-concurso-de-protocolo-de-belleza-de-alissi-bronte\\\/\",\"name\":\"CONOCE A LA GANADORA del CONCURSO DE PROTOCOLO DE BELLEZA de ALISSI BRONT\u00cb - Alissi Bront\u00eb\",\"isPartOf\":{\"@id\":\"https:\\\/\\\/www.alissibronte.com\\\/blog\\\/#website\"},\"primaryImageOfPage\":{\"@id\":\"https:\\\/\\\/www.alissibronte.com\\\/blog\\\/conoce-a-la-ganadora-del-concurso-de-protocolo-de-belleza-de-alissi-bronte\\\/#primaryimage\"},\"image\":{\"@id\":\"https:\\\/\\\/www.alissibronte.com\\\/blog\\\/conoce-a-la-ganadora-del-concurso-de-protocolo-de-belleza-de-alissi-bronte\\\/#primaryimage\"},\"thumbnailUrl\":\"https:\\\/\\\/www.alissibronte.com\\\/blog\\\/wp-content\\\/uploads\\\/Katerina-y-premio-Alissi-Bronte.png\",\"datePublished\":\"2023-10-25T09:25:13+00:00\",\"dateModified\":\"2023-10-25T09:26:45+00:00\",\"description\":\"Llegamos a Alicante. En pleno centro de la ciudad encontramos el centro de Belleza Sapphira Priv\u00e9 Alicante. Katerina, la ganadora de la primera edici\u00f3n del concurso de Protocolo facial de Alissi Bront\u00eb, nos espera.\",\"breadcrumb\":{\"@id\":\"https:\\\/\\\/www.alissibronte.com\\\/blog\\\/conoce-a-la-ganadora-del-concurso-de-protocolo-de-belleza-de-alissi-bronte\\\/#breadcrumb\"},\"inLanguage\":\"es\",\"potentialAction\":[{\"@type\":\"ReadAction\",\"target\":[\"https:\\\/\\\/www.alissibronte.com\\\/blog\\\/conoce-a-la-ganadora-del-concurso-de-protocolo-de-belleza-de-alissi-bronte\\\/\"]}]},{\"@type\":\"ImageObject\",\"inLanguage\":\"es\",\"@id\":\"https:\\\/\\\/www.alissibronte.com\\\/blog\\\/conoce-a-la-ganadora-del-concurso-de-protocolo-de-belleza-de-alissi-bronte\\\/#primaryimage\",\"url\":\"https:\\\/\\\/www.alissibronte.com\\\/blog\\\/wp-content\\\/uploads\\\/Katerina-y-premio-Alissi-Bronte.png\",\"contentUrl\":\"https:\\\/\\\/www.alissibronte.com\\\/blog\\\/wp-content\\\/uploads\\\/Katerina-y-premio-Alissi-Bronte.png\",\"width\":318,\"height\":399},{\"@type\":\"BreadcrumbList\",\"@id\":\"https:\\\/\\\/www.alissibronte.com\\\/blog\\\/conoce-a-la-ganadora-del-concurso-de-protocolo-de-belleza-de-alissi-bronte\\\/#breadcrumb\",\"itemListElement\":[{\"@type\":\"ListItem\",\"position\":1,\"name\":\"Portada\",\"item\":\"https:\\\/\\\/www.alissibronte.com\\\/blog\\\/\"},{\"@type\":\"ListItem\",\"position\":2,\"name\":\"CONOCE A LA GANADORA del CONCURSO DE PROTOCOLO DE BELLEZA de ALISSI BRONT\u00cb\"}]},{\"@type\":\"WebSite\",\"@id\":\"https:\\\/\\\/www.alissibronte.com\\\/blog\\\/#website\",\"url\":\"https:\\\/\\\/www.alissibronte.com\\\/blog\\\/\",\"name\":\"Alissi Bront\u00eb\",\"description\":\"Blog\",\"publisher\":{\"@id\":\"https:\\\/\\\/www.alissibronte.com\\\/blog\\\/#organization\"},\"potentialAction\":[{\"@type\":\"SearchAction\",\"target\":{\"@type\":\"EntryPoint\",\"urlTemplate\":\"https:\\\/\\\/www.alissibronte.com\\\/blog\\\/?s={search_term_string}\"},\"query-input\":{\"@type\":\"PropertyValueSpecification\",\"valueRequired\":true,\"valueName\":\"search_term_string\"}}],\"inLanguage\":\"es\"},{\"@type\":\"Organization\",\"@id\":\"https:\\\/\\\/www.alissibronte.com\\\/blog\\\/#organization\",\"name\":\"Alissi Bront\u00eb\",\"url\":\"https:\\\/\\\/www.alissibronte.com\\\/blog\\\/\",\"logo\":{\"@type\":\"ImageObject\",\"inLanguage\":\"es\",\"@id\":\"https:\\\/\\\/www.alissibronte.com\\\/blog\\\/#\\\/schema\\\/logo\\\/image\\\/\",\"url\":\"https:\\\/\\\/www.alissibronte.com\\\/blog\\\/wp-content\\\/uploads\\\/cropped-alissi-bronte-high-natural-cosmetic-logo-1618992266.png\",\"contentUrl\":\"https:\\\/\\\/www.alissibronte.com\\\/blog\\\/wp-content\\\/uploads\\\/cropped-alissi-bronte-high-natural-cosmetic-logo-1618992266.png\",\"width\":503,\"height\":87,\"caption\":\"Alissi Bront\u00eb\"},\"image\":{\"@id\":\"https:\\\/\\\/www.alissibronte.com\\\/blog\\\/#\\\/schema\\\/logo\\\/image\\\/\"}},{\"@type\":\"Person\",\"@id\":\"https:\\\/\\\/www.alissibronte.com\\\/blog\\\/#\\\/schema\\\/person\\\/b4cdcfccd56b548de1185911f34b211c\",\"name\":\"Alissi\",\"url\":\"https:\\\/\\\/www.alissibronte.com\\\/blog\\\/author\\\/alissi\\\/\"}]}<\/script>\n<!-- \/ Yoast SEO plugin. -->","yoast_head_json":{"title":"CONOCE A LA GANADORA del CONCURSO DE PROTOCOLO DE BELLEZA de ALISSI BRONT\u00cb - Alissi Bront\u00eb","description":"Llegamos a Alicante. En pleno centro de la ciudad encontramos el centro de Belleza Sapphira Priv\u00e9 Alicante. Katerina, la ganadora de la primera edici\u00f3n del concurso de Protocolo facial de Alissi Bront\u00eb, nos espera.","robots":{"index":"index","follow":"follow","max-snippet":"max-snippet:-1","max-image-preview":"max-image-preview:large","max-video-preview":"max-video-preview:-1"},"canonical":"https:\/\/www.alissibronte.com\/blog\/conoce-a-la-ganadora-del-concurso-de-protocolo-de-belleza-de-alissi-bronte\/","og_locale":"es_ES","og_type":"article","og_title":"CONOCE A LA GANADORA del CONCURSO DE PROTOCOLO DE BELLEZA de ALISSI BRONT\u00cb - Alissi Bront\u00eb","og_description":"Llegamos a Alicante. En pleno centro de la ciudad encontramos el centro de Belleza Sapphira Priv\u00e9 Alicante. Katerina, la ganadora de la primera edici\u00f3n del concurso de Protocolo facial de Alissi Bront\u00eb, nos espera.","og_url":"https:\/\/www.alissibronte.com\/blog\/conoce-a-la-ganadora-del-concurso-de-protocolo-de-belleza-de-alissi-bronte\/","og_site_name":"Alissi Bront\u00eb","article_published_time":"2023-10-25T09:25:13+00:00","article_modified_time":"2023-10-25T09:26:45+00:00","og_image":[{"width":318,"height":399,"url":"https:\/\/www.alissibronte.com\/blog\/wp-content\/uploads\/Katerina-y-premio-Alissi-Bronte.png","type":"image\/png"}],"author":"Alissi","twitter_card":"summary_large_image","twitter_misc":{"Escrito por":"Alissi","Tiempo de lectura":"4 minutos"},"schema":{"@context":"https:\/\/schema.org","@graph":[{"@type":"Article","@id":"https:\/\/www.alissibronte.com\/blog\/conoce-a-la-ganadora-del-concurso-de-protocolo-de-belleza-de-alissi-bronte\/#article","isPartOf":{"@id":"https:\/\/www.alissibronte.com\/blog\/conoce-a-la-ganadora-del-concurso-de-protocolo-de-belleza-de-alissi-bronte\/"},"author":{"name":"Alissi","@id":"https:\/\/www.alissibronte.com\/blog\/#\/schema\/person\/b4cdcfccd56b548de1185911f34b211c"},"headline":"CONOCE A LA GANADORA del CONCURSO DE PROTOCOLO DE BELLEZA de ALISSI BRONT\u00cb","datePublished":"2023-10-25T09:25:13+00:00","dateModified":"2023-10-25T09:26:45+00:00","mainEntityOfPage":{"@id":"https:\/\/www.alissibronte.com\/blog\/conoce-a-la-ganadora-del-concurso-de-protocolo-de-belleza-de-alissi-bronte\/"},"wordCount":800,"commentCount":0,"publisher":{"@id":"https:\/\/www.alissibronte.com\/blog\/#organization"},"image":{"@id":"https:\/\/www.alissibronte.com\/blog\/conoce-a-la-ganadora-del-concurso-de-protocolo-de-belleza-de-alissi-bronte\/#primaryimage"},"thumbnailUrl":"https:\/\/www.alissibronte.com\/blog\/wp-content\/uploads\/Katerina-y-premio-Alissi-Bronte.png","articleSection":["#AlissiTalks"],"inLanguage":"es","potentialAction":[{"@type":"CommentAction","name":"Comment","target":["https:\/\/www.alissibronte.com\/blog\/conoce-a-la-ganadora-del-concurso-de-protocolo-de-belleza-de-alissi-bronte\/#respond"]}]},{"@type":"WebPage","@id":"https:\/\/www.alissibronte.com\/blog\/conoce-a-la-ganadora-del-concurso-de-protocolo-de-belleza-de-alissi-bronte\/","url":"https:\/\/www.alissibronte.com\/blog\/conoce-a-la-ganadora-del-concurso-de-protocolo-de-belleza-de-alissi-bronte\/","name":"CONOCE A LA GANADORA del CONCURSO DE PROTOCOLO DE BELLEZA de ALISSI BRONT\u00cb - Alissi Bront\u00eb","isPartOf":{"@id":"https:\/\/www.alissibronte.com\/blog\/#website"},"primaryImageOfPage":{"@id":"https:\/\/www.alissibronte.com\/blog\/conoce-a-la-ganadora-del-concurso-de-protocolo-de-belleza-de-alissi-bronte\/#primaryimage"},"image":{"@id":"https:\/\/www.alissibronte.com\/blog\/conoce-a-la-ganadora-del-concurso-de-protocolo-de-belleza-de-alissi-bronte\/#primaryimage"},"thumbnailUrl":"https:\/\/www.alissibronte.com\/blog\/wp-content\/uploads\/Katerina-y-premio-Alissi-Bronte.png","datePublished":"2023-10-25T09:25:13+00:00","dateModified":"2023-10-25T09:26:45+00:00","description":"Llegamos a Alicante. En pleno centro de la ciudad encontramos el centro de Belleza Sapphira Priv\u00e9 Alicante. Katerina, la ganadora de la primera edici\u00f3n del concurso de Protocolo facial de Alissi Bront\u00eb, nos espera.","breadcrumb":{"@id":"https:\/\/www.alissibronte.com\/blog\/conoce-a-la-ganadora-del-concurso-de-protocolo-de-belleza-de-alissi-bronte\/#breadcrumb"},"inLanguage":"es","potentialAction":[{"@type":"ReadAction","target":["https:\/\/www.alissibronte.com\/blog\/conoce-a-la-ganadora-del-concurso-de-protocolo-de-belleza-de-alissi-bronte\/"]}]},{"@type":"ImageObject","inLanguage":"es","@id":"https:\/\/www.alissibronte.com\/blog\/conoce-a-la-ganadora-del-concurso-de-protocolo-de-belleza-de-alissi-bronte\/#primaryimage","url":"https:\/\/www.alissibronte.com\/blog\/wp-content\/uploads\/Katerina-y-premio-Alissi-Bronte.png","contentUrl":"https:\/\/www.alissibronte.com\/blog\/wp-content\/uploads\/Katerina-y-premio-Alissi-Bronte.png","width":318,"height":399},{"@type":"BreadcrumbList","@id":"https:\/\/www.alissibronte.com\/blog\/conoce-a-la-ganadora-del-concurso-de-protocolo-de-belleza-de-alissi-bronte\/#breadcrumb","itemListElement":[{"@type":"ListItem","position":1,"name":"Portada","item":"https:\/\/www.alissibronte.com\/blog\/"},{"@type":"ListItem","position":2,"name":"CONOCE A LA GANADORA del CONCURSO DE PROTOCOLO DE BELLEZA de ALISSI BRONT\u00cb"}]},{"@type":"WebSite","@id":"https:\/\/www.alissibronte.com\/blog\/#website","url":"https:\/\/www.alissibronte.com\/blog\/","name":"Alissi Bront\u00eb","description":"Blog","publisher":{"@id":"https:\/\/www.alissibronte.com\/blog\/#organization"},"potentialAction":[{"@type":"SearchAction","target":{"@type":"EntryPoint","urlTemplate":"https:\/\/www.alissibronte.com\/blog\/?s={search_term_string}"},"query-input":{"@type":"PropertyValueSpecification","valueRequired":true,"valueName":"search_term_string"}}],"inLanguage":"es"},{"@type":"Organization","@id":"https:\/\/www.alissibronte.com\/blog\/#organization","name":"Alissi Bront\u00eb","url":"https:\/\/www.alissibronte.com\/blog\/","logo":{"@type":"ImageObject","inLanguage":"es","@id":"https:\/\/www.alissibronte.com\/blog\/#\/schema\/logo\/image\/","url":"https:\/\/www.alissibronte.com\/blog\/wp-content\/uploads\/cropped-alissi-bronte-high-natural-cosmetic-logo-1618992266.png","contentUrl":"https:\/\/www.alissibronte.com\/blog\/wp-content\/uploads\/cropped-alissi-bronte-high-natural-cosmetic-logo-1618992266.png","width":503,"height":87,"caption":"Alissi Bront\u00eb"},"image":{"@id":"https:\/\/www.alissibronte.com\/blog\/#\/schema\/logo\/image\/"}},{"@type":"Person","@id":"https:\/\/www.alissibronte.com\/blog\/#\/schema\/person\/b4cdcfccd56b548de1185911f34b211c","name":"Alissi","url":"https:\/\/www.alissibronte.com\/blog\/author\/alissi\/"}]}},"_links":{"self":[{"href":"https:\/\/www.alissibronte.com\/blog\/wp-json\/wp\/v2\/posts\/5626","targetHints":{"allow":["GET"]}}],"collection":[{"href":"https:\/\/www.alissibronte.com\/blog\/wp-json\/wp\/v2\/posts"}],"about":[{"href":"https:\/\/www.alissibronte.com\/blog\/wp-json\/wp\/v2\/types\/post"}],"author":[{"embeddable":true,"href":"https:\/\/www.alissibronte.com\/blog\/wp-json\/wp\/v2\/users\/4"}],"replies":[{"embeddable":true,"href":"https:\/\/www.alissibronte.com\/blog\/wp-json\/wp\/v2\/comments?post=5626"}],"version-history":[{"count":2,"href":"https:\/\/www.alissibronte.com\/blog\/wp-json\/wp\/v2\/posts\/5626\/revisions"}],"predecessor-version":[{"id":5630,"href":"https:\/\/www.alissibronte.com\/blog\/wp-json\/wp\/v2\/posts\/5626\/revisions\/5630"}],"wp:featuredmedia":[{"embeddable":true,"href":"https:\/\/www.alissibronte.com\/blog\/wp-json\/wp\/v2\/media\/5628"}],"wp:attachment":[{"href":"https:\/\/www.alissibronte.com\/blog\/wp-json\/wp\/v2\/media?parent=5626"}],"wp:term":[{"taxonomy":"category","embeddable":true,"href":"https:\/\/www.alissibronte.com\/blog\/wp-json\/wp\/v2\/categories?post=5626"},{"taxonomy":"post_tag","embeddable":true,"href":"https:\/\/www.alissibronte.com\/blog\/wp-json\/wp\/v2\/tags?post=5626"}],"curies":[{"name":"wp","href":"https:\/\/api.w.org\/{rel}","templated":true}]}}